{"id":15828,"date":"2021-03-10T15:02:41","date_gmt":"2021-03-10T18:02:41","guid":{"rendered":"http:\/\/www.centraldenoticias.com.ar\/?p=15828"},"modified":"2021-03-10T15:02:41","modified_gmt":"2021-03-10T18:02:41","slug":"carlos-maria-colman-coco-q-e-p-d","status":"publish","type":"post","link":"https:\/\/cdnoticias.com\/index.php\/2021\/03\/10\/carlos-maria-colman-coco-q-e-p-d\/","title":{"rendered":"Carlos Mar\u00eda Colman &#8220;Coco&#8221; (Q.E.P.D.)"},"content":{"rendered":"<p>Falleci\u00f3 en Olavarr\u00eda el 10 de marzo a los 90 a\u00f1os. Sus hijos Mar\u00eda del Carmen, Mirta Edith, M\u00f3nica Graciela y Mar\u00eda Alejandra Colman; sus hijos pol\u00edticos; sus nietos; sus amigos y dem\u00e1s deudos participan su fallecimiento.<\/p>\n<p>&nbsp;<\/p>\n<p>Sus restos no ser\u00e1n velados y ser\u00e1n inhumados en el Cementerio Loma de Paz este jueves a las 9.30 horas. Nacido en Olavarr\u00eda, vecino de barrio CECO I, jubilado de Calera Avellaneda.<\/p>\n","protected":false},"excerpt":{"rendered":"<p>Falleci\u00f3 en Olavarr\u00eda el 10 de marzo a los 90 a\u00f1os. Sus hijos Mar\u00eda del Carmen, Mirta Edith, M\u00f3nica Graciela<\/p>\n","protected":false},"author":2,"featured_media":0,"comment_status":"closed","ping_status":"closed","sticky":false,"template":"","format":"standard","meta":{"_jetpack_memberships_contains_paid_content":false,"footnotes":""},"categories":[10],"tags":[],"class_list":["post-15828","post","type-post","status-publish","format-standard","hentry","category-necrologicas"],"jetpack_featured_media_url":"","jetpack_sharing_enabled":true,"_links":{"self":[{"href":"https:\/\/cdnoticias.com\/index.php\/wp-json\/wp\/v2\/posts\/15828","targetHints":{"allow":["GET"]}}],"collection":[{"href":"https:\/\/cdnoticias.com\/index.php\/wp-json\/wp\/v2\/posts"}],"about":[{"href":"https:\/\/cdnoticias.com\/index.php\/wp-json\/wp\/v2\/types\/post"}],"author":[{"embeddable":true,"href":"https:\/\/cdnoticias.com\/index.php\/wp-json\/wp\/v2\/users\/2"}],"replies":[{"embeddable":true,"href":"https:\/\/cdnoticias.com\/index.php\/wp-json\/wp\/v2\/comments?post=15828"}],"version-history":[{"count":0,"href":"https:\/\/cdnoticias.com\/index.php\/wp-json\/wp\/v2\/posts\/15828\/revisions"}],"wp:attachment":[{"href":"https:\/\/cdnoticias.com\/index.php\/wp-json\/wp\/v2\/media?parent=15828"}],"wp:term":[{"taxonomy":"category","embeddable":true,"href":"https:\/\/cdnoticias.com\/index.php\/wp-json\/wp\/v2\/categories?post=15828"},{"taxonomy":"post_tag","embeddable":true,"href":"https:\/\/cdnoticias.com\/index.php\/wp-json\/wp\/v2\/tags?post=15828"}],"curies":[{"name":"wp","href":"https:\/\/api.w.org\/{rel}","templated":true}]}}