{"id":15818,"date":"2021-03-10T13:58:12","date_gmt":"2021-03-10T16:58:12","guid":{"rendered":"http:\/\/www.centraldenoticias.com.ar\/?p=15818"},"modified":"2021-03-10T15:10:47","modified_gmt":"2021-03-10T18:10:47","slug":"un-auto-tuvo-importantes-danos-en-un-incendio","status":"publish","type":"post","link":"https:\/\/cdnoticias.com\/index.php\/2021\/03\/10\/un-auto-tuvo-importantes-danos-en-un-incendio\/","title":{"rendered":"Un auto tuvo importantes da\u00f1os en un incendio"},"content":{"rendered":"<p>El hecho se produjo en el mediod\u00eda de este mi\u00e9rcoles en la esquina de Cerrito y Hornos. Una unidad de Bomberos trabaj\u00f3 en el lugar.<!--more--><\/p>\n<hr \/>\n<p>En el mediod\u00eda de este mi\u00e9rcoles, <strong>un auto sufri\u00f3 un perfecto mec\u00e1nico y se incendi\u00f3 en Pueblo Nuevo, m\u00e1s precisamente en la esquina de Cerrito y Hornos.<\/strong><\/p>\n<p>&nbsp;<\/p>\n<p><img data-recalc-dims=\"1\" loading=\"lazy\" decoding=\"async\" class=\"alignnone size-full wp-image-15812\" src=\"https:\/\/i0.wp.com\/cdnoticias.com\/wp-content\/uploads\/2021\/03\/WhatsApp-Image-2021-03-10-at-13.26.22.jpeg?resize=800%2C600&#038;ssl=1\" alt=\"\" width=\"800\" height=\"600\" srcset=\"https:\/\/i0.wp.com\/cdnoticias.com\/wp-content\/uploads\/2021\/03\/WhatsApp-Image-2021-03-10-at-13.26.22.jpeg?w=1152&amp;ssl=1 1152w, https:\/\/i0.wp.com\/cdnoticias.com\/wp-content\/uploads\/2021\/03\/WhatsApp-Image-2021-03-10-at-13.26.22.jpeg?resize=300%2C225&amp;ssl=1 300w, https:\/\/i0.wp.com\/cdnoticias.com\/wp-content\/uploads\/2021\/03\/WhatsApp-Image-2021-03-10-at-13.26.22.jpeg?resize=768%2C576&amp;ssl=1 768w, https:\/\/i0.wp.com\/cdnoticias.com\/wp-content\/uploads\/2021\/03\/WhatsApp-Image-2021-03-10-at-13.26.22.jpeg?resize=1024%2C768&amp;ssl=1 1024w\" sizes=\"auto, (max-width: 800px) 100vw, 800px\" \/><\/p>\n<p>&nbsp;<\/p>\n<p>Seg\u00fan indicaron testigos en el lugar, <strong>las llamas sorprendieron al conductor de un Renault 11 y transe\u00fantes que circulaban por la zona y r\u00e1pidamente trabajaron para apagar el fuego.<\/strong><\/p>\n<p>&nbsp;<\/p>\n<p><img data-recalc-dims=\"1\" loading=\"lazy\" decoding=\"async\" class=\"alignnone size-full wp-image-15813\" src=\"https:\/\/i0.wp.com\/cdnoticias.com\/wp-content\/uploads\/2021\/03\/WhatsApp-Image-2021-03-10-at-13.26.23.jpeg?resize=800%2C600&#038;ssl=1\" alt=\"\" width=\"800\" height=\"600\" srcset=\"https:\/\/i0.wp.com\/cdnoticias.com\/wp-content\/uploads\/2021\/03\/WhatsApp-Image-2021-03-10-at-13.26.23.jpeg?w=1152&amp;ssl=1 1152w, https:\/\/i0.wp.com\/cdnoticias.com\/wp-content\/uploads\/2021\/03\/WhatsApp-Image-2021-03-10-at-13.26.23.jpeg?resize=300%2C225&amp;ssl=1 300w, https:\/\/i0.wp.com\/cdnoticias.com\/wp-content\/uploads\/2021\/03\/WhatsApp-Image-2021-03-10-at-13.26.23.jpeg?resize=768%2C576&amp;ssl=1 768w, https:\/\/i0.wp.com\/cdnoticias.com\/wp-content\/uploads\/2021\/03\/WhatsApp-Image-2021-03-10-at-13.26.23.jpeg?resize=1024%2C768&amp;ssl=1 1024w\" sizes=\"auto, (max-width: 800px) 100vw, 800px\" \/><\/p>\n<p>&nbsp;<\/p>\n<blockquote><p>En paralelo, la Unidad N\u00b0 7 de Bomberos Voluntarios acudi\u00f3 al llamado de emergencia y, r\u00e1pidamente, lograron controlar la situaci\u00f3n.<\/p><\/blockquote>\n<p>&nbsp;<\/p>\n<p>Tras ello, <strong>se realizaron tareas de \u201cenfriamiento\u201d para prevenir futuros focos de incendio.<\/strong> En el lugar tambi\u00e9n trabajaron efectivos de motopolic\u00eda y Comando de Patrullas, as\u00ed como tambi\u00e9n Control Urbano.<\/p>\n","protected":false},"excerpt":{"rendered":"<p>El hecho se produjo en el mediod\u00eda de este mi\u00e9rcoles en la esquina de Cerrito y Hornos. Una unidad de<\/p>\n","protected":false},"author":2,"featured_media":15814,"comment_status":"closed","ping_status":"closed","sticky":false,"template":"","format":"standard","meta":{"_jetpack_memberships_contains_paid_content":false,"footnotes":""},"categories":[14,1],"tags":[],"class_list":["post-15818","post","type-post","status-publish","format-standard","has-post-thumbnail","hentry","category-policiales","category-portada"],"jetpack_featured_media_url":"https:\/\/i0.wp.com\/cdnoticias.com\/wp-content\/uploads\/2021\/03\/WhatsApp-Image-2021-03-10-at-13.26.58.jpeg?fit=1152%2C864&ssl=1","jetpack_sharing_enabled":true,"_links":{"self":[{"href":"https:\/\/cdnoticias.com\/index.php\/wp-json\/wp\/v2\/posts\/15818","targetHints":{"allow":["GET"]}}],"collection":[{"href":"https:\/\/cdnoticias.com\/index.php\/wp-json\/wp\/v2\/posts"}],"about":[{"href":"https:\/\/cdnoticias.com\/index.php\/wp-json\/wp\/v2\/types\/post"}],"author":[{"embeddable":true,"href":"https:\/\/cdnoticias.com\/index.php\/wp-json\/wp\/v2\/users\/2"}],"replies":[{"embeddable":true,"href":"https:\/\/cdnoticias.com\/index.php\/wp-json\/wp\/v2\/comments?post=15818"}],"version-history":[{"count":0,"href":"https:\/\/cdnoticias.com\/index.php\/wp-json\/wp\/v2\/posts\/15818\/revisions"}],"wp:featuredmedia":[{"embeddable":true,"href":"https:\/\/cdnoticias.com\/index.php\/wp-json\/wp\/v2\/media\/15814"}],"wp:attachment":[{"href":"https:\/\/cdnoticias.com\/index.php\/wp-json\/wp\/v2\/media?parent=15818"}],"wp:term":[{"taxonomy":"category","embeddable":true,"href":"https:\/\/cdnoticias.com\/index.php\/wp-json\/wp\/v2\/categories?post=15818"},{"taxonomy":"post_tag","embeddable":true,"href":"https:\/\/cdnoticias.com\/index.php\/wp-json\/wp\/v2\/tags?post=15818"}],"curies":[{"name":"wp","href":"https:\/\/api.w.org\/{rel}","templated":true}]}}