{"id":15804,"date":"2021-03-10T13:37:56","date_gmt":"2021-03-10T16:37:56","guid":{"rendered":"http:\/\/www.centraldenoticias.com.ar\/?p=15804"},"modified":"2021-03-10T13:58:50","modified_gmt":"2021-03-10T16:58:50","slug":"entrega-de-escrituras-es-un-dia-para-celebrar-y-disfrutar","status":"publish","type":"post","link":"https:\/\/cdnoticias.com\/index.php\/2021\/03\/10\/entrega-de-escrituras-es-un-dia-para-celebrar-y-disfrutar\/","title":{"rendered":"Entrega de escrituras: \u201ces un d\u00eda para celebrar y disfrutar\u201d"},"content":{"rendered":"<p>Lo dijo el intendente Ezequiel Galli en el acto que se concret\u00f3 en el Centro Cultural Municipal donde 103 olavarrienses recibieron los t\u00edtulos de propiedad de sus inmuebles.<!--more--><\/p>\n<hr \/>\n<p>En el Centro Cultural Municipal \u201cSan Jos\u00e9\u201d <strong>se entregaron este mi\u00e9rcoles al mediod\u00eda 103 t\u00edtulos de propiedad a vecinos de Olavarr\u00eda<\/strong>.<\/p>\n<p>&nbsp;<\/p>\n<p>El acto, simple y expeditivo, tuvo al <strong>intendente Ezequiel Galli<\/strong> y a <strong>Mar\u00eda L\u00eda Pievani, directora de Escrituraci\u00f3n Social de la Escriban\u00eda General de Gobierno<\/strong> de la provincia de Buenos Aires.<\/p>\n<p><img data-recalc-dims=\"1\" loading=\"lazy\" decoding=\"async\" class=\"aligncenter wp-image-15807 size-large\" src=\"https:\/\/i0.wp.com\/cdnoticias.com\/wp-content\/uploads\/2021\/03\/entrega-de-escrituras-7.jpeg?resize=800%2C600&#038;ssl=1\" alt=\"\" width=\"800\" height=\"600\" srcset=\"https:\/\/i0.wp.com\/cdnoticias.com\/wp-content\/uploads\/2021\/03\/entrega-de-escrituras-7.jpeg?resize=1024%2C768&amp;ssl=1 1024w, https:\/\/i0.wp.com\/cdnoticias.com\/wp-content\/uploads\/2021\/03\/entrega-de-escrituras-7.jpeg?resize=300%2C225&amp;ssl=1 300w, https:\/\/i0.wp.com\/cdnoticias.com\/wp-content\/uploads\/2021\/03\/entrega-de-escrituras-7.jpeg?resize=768%2C576&amp;ssl=1 768w, https:\/\/i0.wp.com\/cdnoticias.com\/wp-content\/uploads\/2021\/03\/entrega-de-escrituras-7.jpeg?w=1280&amp;ssl=1 1280w\" sizes=\"auto, (max-width: 800px) 100vw, 800px\" \/><\/p>\n<p>&nbsp;<\/p>\n<p>En el patio del edificio de Riobamba y Belgrano <strong>estuvieron los 103 nuevos flamantes propietarios de sus inmuebles<\/strong> y tambi\u00e9n formaron parte del acto la directora de Regularizaci\u00f3n Dominial, Carolina Espinosa, y el Subsecretario de Legales, Marcelo Fabbi.<\/p>\n<p>&nbsp;<\/p>\n<blockquote><p>\u201cEs lindo estar en este Centro Cultural al aire libre sin aglomeraci\u00f3n de gente para darle continuidad a este programa de escrituraci\u00f3n social\u201d resalt\u00f3 Galli en el inicio del acto y m\u00e1s adelante defini\u00f3 que \u201ces un d\u00eda para celebrar y disfrutar\u201d.<\/p><\/blockquote>\n<p><img data-recalc-dims=\"1\" loading=\"lazy\" decoding=\"async\" class=\"aligncenter wp-image-15806 size-large\" src=\"https:\/\/i0.wp.com\/cdnoticias.com\/wp-content\/uploads\/2021\/03\/entrega-de-escrituras-4.jpeg?resize=800%2C600&#038;ssl=1\" alt=\"\" width=\"800\" height=\"600\" srcset=\"https:\/\/i0.wp.com\/cdnoticias.com\/wp-content\/uploads\/2021\/03\/entrega-de-escrituras-4.jpeg?resize=1024%2C768&amp;ssl=1 1024w, https:\/\/i0.wp.com\/cdnoticias.com\/wp-content\/uploads\/2021\/03\/entrega-de-escrituras-4.jpeg?resize=300%2C225&amp;ssl=1 300w, https:\/\/i0.wp.com\/cdnoticias.com\/wp-content\/uploads\/2021\/03\/entrega-de-escrituras-4.jpeg?resize=768%2C576&amp;ssl=1 768w, https:\/\/i0.wp.com\/cdnoticias.com\/wp-content\/uploads\/2021\/03\/entrega-de-escrituras-4.jpeg?w=1152&amp;ssl=1 1152w\" sizes=\"auto, (max-width: 800px) 100vw, 800px\" \/><\/p>\n<p>Tal como se hab\u00eda se\u00f1alado el mes pasado, en <a href=\"https:\/\/cdnoticias.com\/index.php\/2021\/02\/19\/se-entregaron-escrituras-de-viviendas-a-120-familias-de-olavarria\/\" target=\"_blank\" rel=\"noopener\">un acto similar que cont\u00f3 con el ministro de Justicia provincial, Julio Alak<\/a>, el jefe comunal tuvo en cuenta que<strong> se regularizaron aspectos del tr\u00e1mite que ven\u00edan con retrasos<\/strong> con lo que este mi\u00e9rcoles logr\u00f3 concretarse la entrega.<\/p>\n<p>&nbsp;<\/p>\n<p>A su vez, valor\u00f3 positivamente el <strong>\u201ctrabajo mancomunado con el gobernador Kicillof\u201d<\/strong> para llevar adelante estas gestiones. Se refiri\u00f3 al alto costo que implican para los vecinos y con ello consider\u00f3 <strong>\u201cque el Estado acompa\u00f1e tiene un valor important\u00edsimo\u201d<\/strong>.<\/p>\n<p><img data-recalc-dims=\"1\" loading=\"lazy\" decoding=\"async\" class=\"aligncenter wp-image-15808 size-large\" src=\"https:\/\/i0.wp.com\/cdnoticias.com\/wp-content\/uploads\/2021\/03\/entrega-de-escrituras-12.jpeg?resize=800%2C600&#038;ssl=1\" alt=\"\" width=\"800\" height=\"600\" srcset=\"https:\/\/i0.wp.com\/cdnoticias.com\/wp-content\/uploads\/2021\/03\/entrega-de-escrituras-12.jpeg?resize=1024%2C768&amp;ssl=1 1024w, https:\/\/i0.wp.com\/cdnoticias.com\/wp-content\/uploads\/2021\/03\/entrega-de-escrituras-12.jpeg?resize=300%2C225&amp;ssl=1 300w, https:\/\/i0.wp.com\/cdnoticias.com\/wp-content\/uploads\/2021\/03\/entrega-de-escrituras-12.jpeg?resize=768%2C576&amp;ssl=1 768w, https:\/\/i0.wp.com\/cdnoticias.com\/wp-content\/uploads\/2021\/03\/entrega-de-escrituras-12.jpeg?w=1152&amp;ssl=1 1152w\" sizes=\"auto, (max-width: 800px) 100vw, 800px\" \/><\/p>\n<p>Antes de citar a cada uno de los beneficiarios, el intendente apunt\u00f3 a que \u201cfirmar ya significa que est\u00e1n regularizando su inmueble\u201d y a\u00f1adi\u00f3 la importancia de contar con esta documentaci\u00f3n, <strong>\u201cel bien m\u00e1s preciado de una familia\u201d<\/strong> lo defini\u00f3.<\/p>\n<p><img data-recalc-dims=\"1\" loading=\"lazy\" decoding=\"async\" class=\"aligncenter wp-image-15809 size-large\" src=\"https:\/\/i0.wp.com\/cdnoticias.com\/wp-content\/uploads\/2021\/03\/entrega-de-escrituras-2.jpeg?resize=800%2C600&#038;ssl=1\" alt=\"\" width=\"800\" height=\"600\" srcset=\"https:\/\/i0.wp.com\/cdnoticias.com\/wp-content\/uploads\/2021\/03\/entrega-de-escrituras-2.jpeg?resize=1024%2C768&amp;ssl=1 1024w, https:\/\/i0.wp.com\/cdnoticias.com\/wp-content\/uploads\/2021\/03\/entrega-de-escrituras-2.jpeg?resize=300%2C225&amp;ssl=1 300w, https:\/\/i0.wp.com\/cdnoticias.com\/wp-content\/uploads\/2021\/03\/entrega-de-escrituras-2.jpeg?resize=768%2C576&amp;ssl=1 768w, https:\/\/i0.wp.com\/cdnoticias.com\/wp-content\/uploads\/2021\/03\/entrega-de-escrituras-2.jpeg?w=1152&amp;ssl=1 1152w\" sizes=\"auto, (max-width: 800px) 100vw, 800px\" \/><\/p>\n","protected":false},"excerpt":{"rendered":"<p>Lo dijo el intendente Ezequiel Galli en el acto que se concret\u00f3 en el Centro Cultural Municipal donde 103 olavarrienses<\/p>\n","protected":false},"author":4,"featured_media":15805,"comment_status":"closed","ping_status":"closed","sticky":false,"template":"","format":"standard","meta":{"_jetpack_memberships_contains_paid_content":false,"footnotes":""},"categories":[5,1],"tags":[],"class_list":["post-15804","post","type-post","status-publish","format-standard","has-post-thumbnail","hentry","category-informacion-general","category-portada"],"jetpack_featured_media_url":"https:\/\/i0.wp.com\/cdnoticias.com\/wp-content\/uploads\/2021\/03\/entrega-de-escrituras-tapa.jpg?fit=800%2C444&ssl=1","jetpack_sharing_enabled":true,"_links":{"self":[{"href":"https:\/\/cdnoticias.com\/index.php\/wp-json\/wp\/v2\/posts\/15804","targetHints":{"allow":["GET"]}}],"collection":[{"href":"https:\/\/cdnoticias.com\/index.php\/wp-json\/wp\/v2\/posts"}],"about":[{"href":"https:\/\/cdnoticias.com\/index.php\/wp-json\/wp\/v2\/types\/post"}],"author":[{"embeddable":true,"href":"https:\/\/cdnoticias.com\/index.php\/wp-json\/wp\/v2\/users\/4"}],"replies":[{"embeddable":true,"href":"https:\/\/cdnoticias.com\/index.php\/wp-json\/wp\/v2\/comments?post=15804"}],"version-history":[{"count":0,"href":"https:\/\/cdnoticias.com\/index.php\/wp-json\/wp\/v2\/posts\/15804\/revisions"}],"wp:featuredmedia":[{"embeddable":true,"href":"https:\/\/cdnoticias.com\/index.php\/wp-json\/wp\/v2\/media\/15805"}],"wp:attachment":[{"href":"https:\/\/cdnoticias.com\/index.php\/wp-json\/wp\/v2\/media?parent=15804"}],"wp:term":[{"taxonomy":"category","embeddable":true,"href":"https:\/\/cdnoticias.com\/index.php\/wp-json\/wp\/v2\/categories?post=15804"},{"taxonomy":"post_tag","embeddable":true,"href":"https:\/\/cdnoticias.com\/index.php\/wp-json\/wp\/v2\/tags?post=15804"}],"curies":[{"name":"wp","href":"https:\/\/api.w.org\/{rel}","templated":true}]}}