{"id":1580,"date":"2020-09-15T10:38:53","date_gmt":"2020-09-15T13:38:53","guid":{"rendered":"http:\/\/www.centraldenoticias.com.ar\/?p=1580"},"modified":"2020-09-15T18:05:28","modified_gmt":"2020-09-15T21:05:28","slug":"el-horario-comercial-extendido-a-las-20","status":"publish","type":"post","link":"https:\/\/cdnoticias.com\/index.php\/2020\/09\/15\/el-horario-comercial-extendido-a-las-20\/","title":{"rendered":"El horario comercial, extendido a las 20"},"content":{"rendered":"<p>La decisi\u00f3n se conoci\u00f3 este martes. Distintos sectores comerciales se hab\u00edan expresado en ese sentido para ampliar el horario para los locales \u201cesenciales\u201d.<!--more--><\/p>\n<hr \/>\n<p>El intendente Ezequiel Galli confirm\u00f3 a Central de Noticias que <strong>se decidi\u00f3 extender el horario comercial hasta las 20<\/strong>. El planteo hab\u00eda sido expresado por distintos sectores comerciales locales despu\u00e9s de que desde el lunes 7 se hab\u00eda restringido hasta las 18.<\/p>\n<p><a href=\"https:\/\/cdnoticias.com\/index.php\/2020\/09\/15\/comerciantes-unidos-pidio-extender-el-horario-para-los-esenciales\/\">Almaceneros Minoristas, el Centro de Panaderos y Comerciantes Unidos<\/a> hab\u00edan hecho p\u00fablicos sus planteos con el pedido de extensi\u00f3n y tambi\u00e9n con se\u00f1alamientos de los perjuicios por el recorte a las 18. En todos los casos, <strong>la solicitud fue para los llamados rubros \u201cesenciales\u201d<\/strong>, es decir los que comercializan productos alimenticios y\/o de higiene.<\/p>\n<blockquote><p>Galli aclar\u00f3 que el decreto que habilitar\u00e1 la medida a\u00fan no fue firmado por los funcionarios ni promulgado.<\/p><\/blockquote>\n<p>Cuando <a href=\"https:\/\/cdnoticias.com\/index.php\/2020\/09\/05\/al-detalle-cuales-seran-las-nuevas-medidas-para-olavarria\/\">se defini\u00f3 la reducci\u00f3n horaria<\/a> para todos los rubros comerciales, el Ejecutivo local explic\u00f3 que con ello se buscaba disminuir la circulaci\u00f3n de la poblaci\u00f3n en el distrito en un contexto de aumento de casos de coronavirus.<\/p>\n","protected":false},"excerpt":{"rendered":"<p>La decisi\u00f3n se conoci\u00f3 este martes. Distintos sectores comerciales se hab\u00edan expresado en ese sentido para ampliar el horario para<\/p>\n","protected":false},"author":4,"featured_media":1581,"comment_status":"closed","ping_status":"closed","sticky":false,"template":"","format":"standard","meta":{"_jetpack_memberships_contains_paid_content":false,"footnotes":""},"categories":[5,1],"tags":[],"class_list":["post-1580","post","type-post","status-publish","format-standard","has-post-thumbnail","hentry","category-informacion-general","category-portada"],"jetpack_featured_media_url":"https:\/\/i0.wp.com\/cdnoticias.com\/wp-content\/uploads\/2020\/09\/verduleria.jpg?fit=1362%2C908&ssl=1","jetpack_sharing_enabled":true,"_links":{"self":[{"href":"https:\/\/cdnoticias.com\/index.php\/wp-json\/wp\/v2\/posts\/1580","targetHints":{"allow":["GET"]}}],"collection":[{"href":"https:\/\/cdnoticias.com\/index.php\/wp-json\/wp\/v2\/posts"}],"about":[{"href":"https:\/\/cdnoticias.com\/index.php\/wp-json\/wp\/v2\/types\/post"}],"author":[{"embeddable":true,"href":"https:\/\/cdnoticias.com\/index.php\/wp-json\/wp\/v2\/users\/4"}],"replies":[{"embeddable":true,"href":"https:\/\/cdnoticias.com\/index.php\/wp-json\/wp\/v2\/comments?post=1580"}],"version-history":[{"count":0,"href":"https:\/\/cdnoticias.com\/index.php\/wp-json\/wp\/v2\/posts\/1580\/revisions"}],"wp:featuredmedia":[{"embeddable":true,"href":"https:\/\/cdnoticias.com\/index.php\/wp-json\/wp\/v2\/media\/1581"}],"wp:attachment":[{"href":"https:\/\/cdnoticias.com\/index.php\/wp-json\/wp\/v2\/media?parent=1580"}],"wp:term":[{"taxonomy":"category","embeddable":true,"href":"https:\/\/cdnoticias.com\/index.php\/wp-json\/wp\/v2\/categories?post=1580"},{"taxonomy":"post_tag","embeddable":true,"href":"https:\/\/cdnoticias.com\/index.php\/wp-json\/wp\/v2\/tags?post=1580"}],"curies":[{"name":"wp","href":"https:\/\/api.w.org\/{rel}","templated":true}]}}