{"id":15793,"date":"2021-03-10T11:24:22","date_gmt":"2021-03-10T14:24:22","guid":{"rendered":"http:\/\/www.centraldenoticias.com.ar\/?p=15793"},"modified":"2021-03-10T12:09:51","modified_gmt":"2021-03-10T15:09:51","slug":"reclamo-por-mejores-condiciones-en-el-transporte-publico-interurbano","status":"publish","type":"post","link":"https:\/\/cdnoticias.com\/index.php\/2021\/03\/10\/reclamo-por-mejores-condiciones-en-el-transporte-publico-interurbano\/","title":{"rendered":"Reclamo por mejores condiciones en el transporte p\u00fablico interurbano"},"content":{"rendered":"<p>Vecinos de Villa Alfredo Fortabat se\u00f1alaron que viajan \u201ccomo ganado\u201d teniendo en cuenta aquellos que trabajan y los estudiantes que viajan a la ciudad. Pidieron incorporar mayores frecuencias.<!--more--><\/p>\n<hr \/>\n<p>Tras la <strong>reanudaci\u00f3n de clases presenciales y la \u201cnormalizaci\u00f3n\u201d de varias actividades, vecinos de las localidades nuevamente pusieron en el eje de discusi\u00f3n el servicio de transporte p\u00fablico interurbano.<\/strong> Es el caso de Villa Alfredo Fortabat, quienes denunciaron varios problemas.<\/p>\n<p>&nbsp;<\/p>\n<p>El principal, teniendo en cuenta la pandemia, es que<strong> \u201cviajan como ganado\u201d y no se respetan los diversos protocolos sanitarios.<\/strong><\/p>\n<p>&nbsp;<\/p>\n<p><img data-recalc-dims=\"1\" loading=\"lazy\" decoding=\"async\" class=\"aligncenter wp-image-15795 size-full\" src=\"https:\/\/i0.wp.com\/cdnoticias.com\/wp-content\/uploads\/2021\/03\/transporte-ola-bus-01.jpg?resize=800%2C445&#038;ssl=1\" alt=\"\" width=\"800\" height=\"445\" srcset=\"https:\/\/i0.wp.com\/cdnoticias.com\/wp-content\/uploads\/2021\/03\/transporte-ola-bus-01.jpg?w=800&amp;ssl=1 800w, https:\/\/i0.wp.com\/cdnoticias.com\/wp-content\/uploads\/2021\/03\/transporte-ola-bus-01.jpg?resize=300%2C167&amp;ssl=1 300w, https:\/\/i0.wp.com\/cdnoticias.com\/wp-content\/uploads\/2021\/03\/transporte-ola-bus-01.jpg?resize=768%2C427&amp;ssl=1 768w\" sizes=\"auto, (max-width: 800px) 100vw, 800px\" \/><\/p>\n<p>&nbsp;<\/p>\n<p>Las fotos, enviadas a COMUNIDAD CENTRAL, <strong>fueron sacadas en horario pico, a las 12 horas, y muestra la gran cantidad de vecinos viajando al mismo tiempo hacia las localidades.<\/strong><\/p>\n<p>&nbsp;<\/p>\n<p>Pidieron, en di\u00e1logo con este medio, que <em>\u201cincorporen m\u00e1s horarios de frecuencia para evitar esto\u201d<\/em> y reflexionaron: <strong><em>\u201cmiren todos los protocolos que se implementan \u2013correctamente- en las escuelas y lo que termina pasando afuera, es tremendo\u201d.<\/em><\/strong><\/p>\n<p>&nbsp;<\/p>\n<p>Adem\u00e1s, indicaron que<strong> se intentaron comunicar con Ola Bus, titular del servicio interurbano, y no hubo respuesta alguna<\/strong>. <em>\u201cLo que haya que hacer, hay que hacerlo urgente\u201d<\/em> cerraron.<\/p>\n<p>&nbsp;<\/p>\n<blockquote><p>Si quer\u00e9s comunicarte con tu denuncia, opini\u00f3n o quer\u00e9s contar tu noticia, pod\u00e9s hacerlo a COMUNIDAD CENTRAL, en redes sociales o en 2284-269937.<\/p><\/blockquote>\n","protected":false},"excerpt":{"rendered":"<p>Vecinos de Villa Alfredo Fortabat se\u00f1alaron que viajan \u201ccomo ganado\u201d teniendo en cuenta aquellos que trabajan y los estudiantes que<\/p>\n","protected":false},"author":4,"featured_media":15794,"comment_status":"closed","ping_status":"closed","sticky":false,"template":"","format":"standard","meta":{"_jetpack_memberships_contains_paid_content":false,"footnotes":""},"categories":[5,1],"tags":[],"class_list":["post-15793","post","type-post","status-publish","format-standard","has-post-thumbnail","hentry","category-informacion-general","category-portada"],"jetpack_featured_media_url":"https:\/\/i0.wp.com\/cdnoticias.com\/wp-content\/uploads\/2021\/03\/transporte-ola-bus00.jpg?fit=800%2C445&ssl=1","jetpack_sharing_enabled":true,"_links":{"self":[{"href":"https:\/\/cdnoticias.com\/index.php\/wp-json\/wp\/v2\/posts\/15793","targetHints":{"allow":["GET"]}}],"collection":[{"href":"https:\/\/cdnoticias.com\/index.php\/wp-json\/wp\/v2\/posts"}],"about":[{"href":"https:\/\/cdnoticias.com\/index.php\/wp-json\/wp\/v2\/types\/post"}],"author":[{"embeddable":true,"href":"https:\/\/cdnoticias.com\/index.php\/wp-json\/wp\/v2\/users\/4"}],"replies":[{"embeddable":true,"href":"https:\/\/cdnoticias.com\/index.php\/wp-json\/wp\/v2\/comments?post=15793"}],"version-history":[{"count":0,"href":"https:\/\/cdnoticias.com\/index.php\/wp-json\/wp\/v2\/posts\/15793\/revisions"}],"wp:featuredmedia":[{"embeddable":true,"href":"https:\/\/cdnoticias.com\/index.php\/wp-json\/wp\/v2\/media\/15794"}],"wp:attachment":[{"href":"https:\/\/cdnoticias.com\/index.php\/wp-json\/wp\/v2\/media?parent=15793"}],"wp:term":[{"taxonomy":"category","embeddable":true,"href":"https:\/\/cdnoticias.com\/index.php\/wp-json\/wp\/v2\/categories?post=15793"},{"taxonomy":"post_tag","embeddable":true,"href":"https:\/\/cdnoticias.com\/index.php\/wp-json\/wp\/v2\/tags?post=15793"}],"curies":[{"name":"wp","href":"https:\/\/api.w.org\/{rel}","templated":true}]}}