{"id":15787,"date":"2021-03-10T10:31:10","date_gmt":"2021-03-10T13:31:10","guid":{"rendered":"http:\/\/www.centraldenoticias.com.ar\/?p=15787"},"modified":"2021-03-10T11:24:37","modified_gmt":"2021-03-10T14:24:37","slug":"nestor-yuyo-garcia-en-una-charla-en-clave-de-genero","status":"publish","type":"post","link":"https:\/\/cdnoticias.com\/index.php\/2021\/03\/10\/nestor-yuyo-garcia-en-una-charla-en-clave-de-genero\/","title":{"rendered":"N\u00e9stor \u201cYuyo\u201d Garc\u00eda en una charla en clave de g\u00e9nero"},"content":{"rendered":"<p>El pap\u00e1 de Micaela brindar\u00e1 este mi\u00e9rcoles una charla virtual abierta a toda la comunidad. Hablar\u00e1 sobre el recorrido de la \u201cLey Micaela\u201d. C\u00f3mo acceder.<!--more--><\/p>\n<hr \/>\n<p>En el marco de las actividades por el D\u00eda Internacional de la Mujer impulsadas por la Direcci\u00f3n de Pol\u00edticas de G\u00e9nero del Municipio de Olavarr\u00eda, <strong>N\u00e9stor \u201cYuyo\u201d Garc\u00eda, el pap\u00e1 de Micaela, brindar\u00e1 una charla virtual sobre el camino de Ley que lleva el nombre de su hija<\/strong>.<\/p>\n<p>&nbsp;<\/p>\n<p>Ser\u00e1 <strong>este mi\u00e9rcoles 10 de marzo a las 17:30 horas<\/strong> mediante plataforma Zoom. Se organiza en conjunto con la UNICEN y est\u00e1 destinada a las personas que est\u00e1n cursando la capacitaci\u00f3n que brinda el Municipio, como as\u00ed tambi\u00e9n abierta a la comunidad en general.<\/p>\n<p>&nbsp;<\/p>\n<p>En la charla <strong>se hablar\u00e1 del recorrido de la Ley Micaela<\/strong>, su aplicaci\u00f3n a nivel local y la importancia de que agentes estatales se capaciten en materia de g\u00e9nero. Moderar\u00e1 el encuentro la Lic. Florencia Caro, coordinadora de las capacitaciones de Ley Micaela del Municipio de Olavarr\u00eda.<\/p>\n<p>&nbsp;<\/p>\n<p>La militancia de \u201cYuyo\u201d por la sanci\u00f3n de la Ley en homenaje a su hija asesinada en 2017 fue clave para que, en 2018, se dieran las condiciones para debatir y reglamentar<strong> la Ley Nacional 27499, conocida como Ley Micaela<\/strong>, que establece la <strong>capacitaci\u00f3n obligatoria y permanente en materia de g\u00e9nero de todo el personal estatal de la gesti\u00f3n p\u00fablica<\/strong>.<\/p>\n<p>&nbsp;<\/p>\n<p>A nivel local, nuestro Municipio reglament\u00f3 su aplicaci\u00f3n en el marco de la <strong>Ordenanza Municipal 4406\/19<\/strong> y ya ha capacitado a m\u00e1s de 700 empleadas y empleados.<\/p>\n<p>&nbsp;<\/p>\n<p>Para sumarse a la charla por Zoom deber\u00e1n hacerlo a trav\u00e9s del siguiente link:<\/p>\n<p><a href=\"https:\/\/zoom.us\/j\/97867999953\" target=\"_blank\" rel=\"noopener\">https:\/\/zoom.us\/j\/97867999953<\/a><\/p>\n<p>ID de reuni\u00f3n: 978 6799 9953<\/p>\n","protected":false},"excerpt":{"rendered":"<p>El pap\u00e1 de Micaela brindar\u00e1 este mi\u00e9rcoles una charla virtual abierta a toda la comunidad. Hablar\u00e1 sobre el recorrido de<\/p>\n","protected":false},"author":4,"featured_media":15788,"comment_status":"closed","ping_status":"closed","sticky":false,"template":"","format":"standard","meta":{"_jetpack_memberships_contains_paid_content":false,"footnotes":""},"categories":[3,1],"tags":[],"class_list":["post-15787","post","type-post","status-publish","format-standard","has-post-thumbnail","hentry","category-genero","category-portada"],"jetpack_featured_media_url":"https:\/\/i0.wp.com\/cdnoticias.com\/wp-content\/uploads\/2021\/03\/DH-Yuyo-Garcia-1-1.jpg?fit=1024%2C576&ssl=1","jetpack_sharing_enabled":true,"_links":{"self":[{"href":"https:\/\/cdnoticias.com\/index.php\/wp-json\/wp\/v2\/posts\/15787","targetHints":{"allow":["GET"]}}],"collection":[{"href":"https:\/\/cdnoticias.com\/index.php\/wp-json\/wp\/v2\/posts"}],"about":[{"href":"https:\/\/cdnoticias.com\/index.php\/wp-json\/wp\/v2\/types\/post"}],"author":[{"embeddable":true,"href":"https:\/\/cdnoticias.com\/index.php\/wp-json\/wp\/v2\/users\/4"}],"replies":[{"embeddable":true,"href":"https:\/\/cdnoticias.com\/index.php\/wp-json\/wp\/v2\/comments?post=15787"}],"version-history":[{"count":0,"href":"https:\/\/cdnoticias.com\/index.php\/wp-json\/wp\/v2\/posts\/15787\/revisions"}],"wp:featuredmedia":[{"embeddable":true,"href":"https:\/\/cdnoticias.com\/index.php\/wp-json\/wp\/v2\/media\/15788"}],"wp:attachment":[{"href":"https:\/\/cdnoticias.com\/index.php\/wp-json\/wp\/v2\/media?parent=15787"}],"wp:term":[{"taxonomy":"category","embeddable":true,"href":"https:\/\/cdnoticias.com\/index.php\/wp-json\/wp\/v2\/categories?post=15787"},{"taxonomy":"post_tag","embeddable":true,"href":"https:\/\/cdnoticias.com\/index.php\/wp-json\/wp\/v2\/tags?post=15787"}],"curies":[{"name":"wp","href":"https:\/\/api.w.org\/{rel}","templated":true}]}}