{"id":15767,"date":"2021-03-09T19:17:25","date_gmt":"2021-03-09T22:17:25","guid":{"rendered":"http:\/\/www.centraldenoticias.com.ar\/?p=15767"},"modified":"2021-03-09T19:17:25","modified_gmt":"2021-03-09T22:17:25","slug":"la-ucr-pidio-definiciones-y-avances-en-la-obra-del-polo-judicial","status":"publish","type":"post","link":"https:\/\/cdnoticias.com\/index.php\/2021\/03\/09\/la-ucr-pidio-definiciones-y-avances-en-la-obra-del-polo-judicial\/","title":{"rendered":"La UCR pidi\u00f3 definiciones y avances en la obra del Polo Judicial"},"content":{"rendered":"<p>Lo hizo a trav\u00e9s de su concejal, Mart\u00edn Lastape, mediante un proyecto de resoluci\u00f3n ante el Concejo Deliberante.<!--more--><\/p>\n<hr \/>\n<p>En la jornada de este martes desde el bloque de la Uni\u00f3n C\u00edvica Radical, a trav\u00e9s de su concejal Mart\u00edn Lastape, se present\u00f3 un proyecto de ordenanza con el \u00e9nfasis en el Polo Judicial, con el objetivo de <strong>requerir al municipio \u201clas acciones que considere pertinentes para poner en condiciones las veredas de esa construcci\u00f3n y solicite ante la autoridad que corresponda la continuaci\u00f3n de la obra\u201d.<\/strong><\/p>\n<p>&nbsp;<\/p>\n<p><img data-recalc-dims=\"1\" loading=\"lazy\" decoding=\"async\" class=\"alignnone size-large wp-image-2709\" src=\"https:\/\/i0.wp.com\/cdnoticias.com\/wp-content\/uploads\/2020\/09\/Concejo-Generica.jpg?resize=800%2C534&#038;ssl=1\" alt=\"\" width=\"800\" height=\"534\" srcset=\"https:\/\/i0.wp.com\/cdnoticias.com\/wp-content\/uploads\/2020\/09\/Concejo-Generica.jpg?resize=1024%2C683&amp;ssl=1 1024w, https:\/\/i0.wp.com\/cdnoticias.com\/wp-content\/uploads\/2020\/09\/Concejo-Generica.jpg?resize=300%2C200&amp;ssl=1 300w, https:\/\/i0.wp.com\/cdnoticias.com\/wp-content\/uploads\/2020\/09\/Concejo-Generica.jpg?resize=768%2C512&amp;ssl=1 768w, https:\/\/i0.wp.com\/cdnoticias.com\/wp-content\/uploads\/2020\/09\/Concejo-Generica.jpg?resize=272%2C182&amp;ssl=1 272w, https:\/\/i0.wp.com\/cdnoticias.com\/wp-content\/uploads\/2020\/09\/Concejo-Generica.jpg?w=1600&amp;ssl=1 1600w, https:\/\/i0.wp.com\/cdnoticias.com\/wp-content\/uploads\/2020\/09\/Concejo-Generica.jpg?w=2400&amp;ssl=1 2400w\" sizes=\"auto, (max-width: 800px) 100vw, 800px\" \/><\/p>\n<p>&nbsp;<\/p>\n<p>En los considerandos del escrito presentado en las \u00faltimas horas en el recinto del cuerpo deliberativo local se puso el acento, por ejemplo, en la \u201cpreocupaci\u00f3n por el estado de la obra y la peligrosidad de las inmediaciones de la misma\u201d. <strong>\u201cQue las sucesivas obras y actividades durante la construcci\u00f3n de la obra han dejado veredas con pozos, zanjas y restos de hormig\u00f3n volvi\u00e9ndolas casi intransitables y muy riesgosas\u201d, se agreg\u00f3.<\/strong><\/p>\n<p>&nbsp;<\/p>\n<p>\u201c<strong>Que el edificio cuenta con energ\u00eda el\u00e9ctrica y desconocemos quien es el encargado de realizar los controles de la misma<\/strong>, constatar posibles contactos de cables con partes met\u00e1licas, chequear el transformador de energ\u00eda que actualmente se encuentra en el lugar\u201d, contin\u00faa el escrito.<\/p>\n<p>&nbsp;<\/p>\n<p><img data-recalc-dims=\"1\" loading=\"lazy\" decoding=\"async\" class=\"alignnone size-full wp-image-7595\" src=\"https:\/\/i0.wp.com\/cdnoticias.com\/wp-content\/uploads\/2020\/11\/HCD-martin-lastape-web.jpg?resize=800%2C445&#038;ssl=1\" alt=\"\" width=\"800\" height=\"445\" srcset=\"https:\/\/i0.wp.com\/cdnoticias.com\/wp-content\/uploads\/2020\/11\/HCD-martin-lastape-web.jpg?w=800&amp;ssl=1 800w, https:\/\/i0.wp.com\/cdnoticias.com\/wp-content\/uploads\/2020\/11\/HCD-martin-lastape-web.jpg?resize=300%2C167&amp;ssl=1 300w, https:\/\/i0.wp.com\/cdnoticias.com\/wp-content\/uploads\/2020\/11\/HCD-martin-lastape-web.jpg?resize=768%2C427&amp;ssl=1 768w\" sizes=\"auto, (max-width: 800px) 100vw, 800px\" \/><\/p>\n<p>&nbsp;<\/p>\n<p>A la par, tal como se ha enfatizado desde diversos sectores, tambi\u00e9n se aludi\u00f3 a la gr\u00faa all\u00ed emplazada.<strong> &#8220;Que los vecinos est\u00e1n preocupados por la presencia de una gr\u00faa, sobre todo los d\u00edas de vientos intensos y tormentas el\u00e9ctricas\u201d, se expres\u00f3.<\/strong><\/p>\n<p>&nbsp;<\/p>\n<p>Es por ello que se requiri\u00f3 al Ejecutivo Municipal que \u201crealice las gestiones necesarias y pertinentes a fin de realizar el saneamiento del espacio p\u00fablico circundante a la obra abandonada del Polo Judicial\u201d, y, a la par, que <strong>\u00a0interceda \u201cante las autoridades que correspondan al reinicio de tareas para encauzar la obra hacia su culminaci\u00f3n\u201d.<\/strong><\/p>\n","protected":false},"excerpt":{"rendered":"<p>Lo hizo a trav\u00e9s de su concejal, Mart\u00edn Lastape, mediante un proyecto de resoluci\u00f3n ante el Concejo Deliberante.<\/p>\n","protected":false},"author":3,"featured_media":1824,"comment_status":"closed","ping_status":"closed","sticky":false,"template":"","format":"standard","meta":{"_jetpack_memberships_contains_paid_content":false,"footnotes":""},"categories":[4,1],"tags":[],"class_list":["post-15767","post","type-post","status-publish","format-standard","has-post-thumbnail","hentry","category-politica","category-portada"],"jetpack_featured_media_url":"https:\/\/i0.wp.com\/cdnoticias.com\/wp-content\/uploads\/2020\/09\/HCD-lastape.jpg?fit=703%2C414&ssl=1","jetpack_sharing_enabled":true,"_links":{"self":[{"href":"https:\/\/cdnoticias.com\/index.php\/wp-json\/wp\/v2\/posts\/15767","targetHints":{"allow":["GET"]}}],"collection":[{"href":"https:\/\/cdnoticias.com\/index.php\/wp-json\/wp\/v2\/posts"}],"about":[{"href":"https:\/\/cdnoticias.com\/index.php\/wp-json\/wp\/v2\/types\/post"}],"author":[{"embeddable":true,"href":"https:\/\/cdnoticias.com\/index.php\/wp-json\/wp\/v2\/users\/3"}],"replies":[{"embeddable":true,"href":"https:\/\/cdnoticias.com\/index.php\/wp-json\/wp\/v2\/comments?post=15767"}],"version-history":[{"count":0,"href":"https:\/\/cdnoticias.com\/index.php\/wp-json\/wp\/v2\/posts\/15767\/revisions"}],"wp:featuredmedia":[{"embeddable":true,"href":"https:\/\/cdnoticias.com\/index.php\/wp-json\/wp\/v2\/media\/1824"}],"wp:attachment":[{"href":"https:\/\/cdnoticias.com\/index.php\/wp-json\/wp\/v2\/media?parent=15767"}],"wp:term":[{"taxonomy":"category","embeddable":true,"href":"https:\/\/cdnoticias.com\/index.php\/wp-json\/wp\/v2\/categories?post=15767"},{"taxonomy":"post_tag","embeddable":true,"href":"https:\/\/cdnoticias.com\/index.php\/wp-json\/wp\/v2\/tags?post=15767"}],"curies":[{"name":"wp","href":"https:\/\/api.w.org\/{rel}","templated":true}]}}