{"id":157530,"date":"2025-02-12T16:49:56","date_gmt":"2025-02-12T19:49:56","guid":{"rendered":"https:\/\/cdnoticias.com\/?p=157530"},"modified":"2025-02-13T11:20:08","modified_gmt":"2025-02-13T14:20:08","slug":"atsa-sobre-sem-va-a-ser-imposible-que-vuelva-a-abrir","status":"publish","type":"post","link":"https:\/\/cdnoticias.com\/index.php\/2025\/02\/12\/atsa-sobre-sem-va-a-ser-imposible-que-vuelva-a-abrir\/","title":{"rendered":"ATSA sobre SEM: \u201cva a ser imposible que vuelva a abrir\u201d"},"content":{"rendered":"<p>Lo dijo Carlos Manzur, titular del sindicato que convoc\u00f3 a una reuni\u00f3n de trabajadores este martes: solamente concurrieron dos. Adem\u00e1s, cont\u00f3 que habl\u00f3 con uno de los due\u00f1os de la empresa.<!--more--><\/p>\n<hr \/>\n<p>La <strong>delegaci\u00f3n Olavarr\u00eda de la Asociaci\u00f3n de Trabajadores de Sanidad Argentina (ATSA)<\/strong> tambi\u00e9n tom\u00f3<strong> intervenci\u00f3n en el caso de los trabajadores de la empresa SEM<\/strong>, <a href=\"https:\/\/cdnoticias.com\/index.php\/2025\/01\/31\/clausuraron-una-empresa-de-emergencia-de-salud-tras-denuncias-por-irregularidades\/\" target=\"_blank\" rel=\"noopener\">clausurada<\/a> y con <a href=\"https:\/\/cdnoticias.com\/index.php\/2025\/02\/12\/la-empresa-sem-con-la-sede-vacia-y-un-compromiso-del-pago-atrasado-a-los-trabajadores\/\" target=\"_blank\" rel=\"noopener\">atraso en los pagos salariales<\/a>.<\/p>\n<p><strong>Central de Noticias<\/strong> habl\u00f3 con el <strong>secretario general, Carlos Manzur<\/strong>, quien cont\u00f3 que <em>habl\u00f3 con uno de los due\u00f1os de la empresa<\/em>. <strong>\u201cVa a ser imposible que vuelva a abrir\u201d<\/strong> subray\u00f3.<\/p>\n<p>El dirigente gremial inform\u00f3 que este martes <strong>se concret\u00f3 una reuni\u00f3n convocada por ATSA<\/strong>. <strong>\u201cHab\u00edamos citado a todos los trabajadores de los cuales concurrieron dos\u201d<\/strong> aclar\u00f3 para remarcar que son en total 20 los empleados de la empresa.<strong> \u201cLa mayor\u00eda est\u00e1 actuando con abogados particulares\u201d<\/strong> dijo.<\/p>\n<figure id=\"attachment_115658\" aria-describedby=\"caption-attachment-115658\" style=\"width: 800px\" class=\"wp-caption aligncenter\"><img data-recalc-dims=\"1\" loading=\"lazy\" decoding=\"async\" class=\"wp-image-115658 size-large\" src=\"https:\/\/i0.wp.com\/cdnoticias.com\/wp-content\/uploads\/2024\/05\/manzur-cgt-olavarria.jpg?resize=800%2C445&#038;ssl=1\" alt=\"\" width=\"800\" height=\"445\" srcset=\"https:\/\/i0.wp.com\/cdnoticias.com\/wp-content\/uploads\/2024\/05\/manzur-cgt-olavarria.jpg?resize=1024%2C570&amp;ssl=1 1024w, https:\/\/i0.wp.com\/cdnoticias.com\/wp-content\/uploads\/2024\/05\/manzur-cgt-olavarria.jpg?resize=300%2C167&amp;ssl=1 300w, https:\/\/i0.wp.com\/cdnoticias.com\/wp-content\/uploads\/2024\/05\/manzur-cgt-olavarria.jpg?resize=768%2C428&amp;ssl=1 768w, https:\/\/i0.wp.com\/cdnoticias.com\/wp-content\/uploads\/2024\/05\/manzur-cgt-olavarria.jpg?resize=800%2C445&amp;ssl=1 800w, https:\/\/i0.wp.com\/cdnoticias.com\/wp-content\/uploads\/2024\/05\/manzur-cgt-olavarria.jpg?w=1072&amp;ssl=1 1072w\" sizes=\"auto, (max-width: 800px) 100vw, 800px\" \/><figcaption id=\"caption-attachment-115658\" class=\"wp-caption-text\">Carlos Manzur, secretario general de ATSA local.<\/figcaption><\/figure>\n<p>Manzur se hab\u00eda comunicado con <strong>uno de los titulares de la empresa, Pedro Alcorta<\/strong>, el martes por la ma\u00f1ana: <strong>\u201cme hab\u00eda dicho que entre hoy y ma\u00f1ana estar\u00edan pagando el sueldo de enero\u201d<\/strong> dijo en referencia al mi\u00e9rcoles y jueves.<\/p>\n<blockquote><p>Pero el panorama es oscuro para los trabajadores ya que no continuar\u00e1 la empresa SEM. Dijo Manzur sobre los dichos del empresario: \u201cestar\u00edan empezando a ver de qu\u00e9 manera liquidar a la gente porque va a ser imposible que vuelva a abrir\u201d. \u201cEst\u00e1 en la ruina\u201d a\u00f1adi\u00f3 m\u00e1s adelante el gremialista.<\/p><\/blockquote>\n<p>A su vez, explic\u00f3 que el <strong>vaciamiento de la sede de Col\u00f3n al 2500<\/strong> se debe a que <strong>\u201ctienen que entregar el sal\u00f3n porque deben mucho de alquiler\u201d<\/strong>.<\/p>\n<p>Tal como se inform\u00f3 en este medio,<strong> tambi\u00e9n el Ministerio de Trabajo de la provincia tom\u00f3 contacto con los trabajadores<\/strong> y ya interviene en el caso.<\/p>\n<blockquote class=\"wp-embedded-content\" data-secret=\"IbziAwwxy6\"><p><a href=\"https:\/\/cdnoticias.com\/index.php\/2025\/02\/12\/la-empresa-sem-con-la-sede-vacia-y-un-compromiso-del-pago-atrasado-a-los-trabajadores\/\">La empresa SEM, con la sede vac\u00eda y un compromiso del pago atrasado a los trabajadores<\/a><\/p><\/blockquote>\n<p><iframe loading=\"lazy\" class=\"wp-embedded-content\" sandbox=\"allow-scripts\" security=\"restricted\" style=\"position: absolute; visibility: hidden;\" title=\"&#8220;La empresa SEM, con la sede vac\u00eda y un compromiso del pago atrasado a los trabajadores&#8221; &#8212; Central de Noticias | Olavarr\u00eda\" src=\"https:\/\/cdnoticias.com\/index.php\/2025\/02\/12\/la-empresa-sem-con-la-sede-vacia-y-un-compromiso-del-pago-atrasado-a-los-trabajadores\/embed\/#?secret=UIwawlGoFn#?secret=IbziAwwxy6\" data-secret=\"IbziAwwxy6\" width=\"600\" height=\"338\" frameborder=\"0\" marginwidth=\"0\" marginheight=\"0\" scrolling=\"no\"><\/iframe><\/p>\n","protected":false},"excerpt":{"rendered":"<p>Lo dijo Carlos Manzur, titular del sindicato que convoc\u00f3 a una reuni\u00f3n de trabajadores este martes: solamente concurrieron dos. Adem\u00e1s,<\/p>\n","protected":false},"author":4,"featured_media":157531,"comment_status":"closed","ping_status":"closed","sticky":false,"template":"","format":"standard","meta":{"_jetpack_memberships_contains_paid_content":false,"footnotes":""},"categories":[5,1],"tags":[],"class_list":["post-157530","post","type-post","status-publish","format-standard","has-post-thumbnail","hentry","category-informacion-general","category-portada"],"jetpack_featured_media_url":"https:\/\/i0.wp.com\/cdnoticias.com\/wp-content\/uploads\/2025\/02\/SEM-emergencias-medicas-00.jpg?fit=1000%2C556&ssl=1","jetpack_sharing_enabled":true,"_links":{"self":[{"href":"https:\/\/cdnoticias.com\/index.php\/wp-json\/wp\/v2\/posts\/157530","targetHints":{"allow":["GET"]}}],"collection":[{"href":"https:\/\/cdnoticias.com\/index.php\/wp-json\/wp\/v2\/posts"}],"about":[{"href":"https:\/\/cdnoticias.com\/index.php\/wp-json\/wp\/v2\/types\/post"}],"author":[{"embeddable":true,"href":"https:\/\/cdnoticias.com\/index.php\/wp-json\/wp\/v2\/users\/4"}],"replies":[{"embeddable":true,"href":"https:\/\/cdnoticias.com\/index.php\/wp-json\/wp\/v2\/comments?post=157530"}],"version-history":[{"count":0,"href":"https:\/\/cdnoticias.com\/index.php\/wp-json\/wp\/v2\/posts\/157530\/revisions"}],"wp:featuredmedia":[{"embeddable":true,"href":"https:\/\/cdnoticias.com\/index.php\/wp-json\/wp\/v2\/media\/157531"}],"wp:attachment":[{"href":"https:\/\/cdnoticias.com\/index.php\/wp-json\/wp\/v2\/media?parent=157530"}],"wp:term":[{"taxonomy":"category","embeddable":true,"href":"https:\/\/cdnoticias.com\/index.php\/wp-json\/wp\/v2\/categories?post=157530"},{"taxonomy":"post_tag","embeddable":true,"href":"https:\/\/cdnoticias.com\/index.php\/wp-json\/wp\/v2\/tags?post=157530"}],"curies":[{"name":"wp","href":"https:\/\/api.w.org\/{rel}","templated":true}]}}