{"id":157529,"date":"2025-02-12T16:17:35","date_gmt":"2025-02-12T19:17:35","guid":{"rendered":"https:\/\/cdnoticias.com\/?p=157529"},"modified":"2025-02-12T20:20:51","modified_gmt":"2025-02-12T23:20:51","slug":"la-empresa-sem-con-la-sede-vacia-y-un-compromiso-del-pago-atrasado-a-los-trabajadores","status":"publish","type":"post","link":"https:\/\/cdnoticias.com\/index.php\/2025\/02\/12\/la-empresa-sem-con-la-sede-vacia-y-un-compromiso-del-pago-atrasado-a-los-trabajadores\/","title":{"rendered":"La empresa SEM, con la sede vac\u00eda y un compromiso del pago atrasado a los trabajadores"},"content":{"rendered":"<p>Comenz\u00f3 la intervenci\u00f3n del Ministerio de Trabajo en la firma de emergencias m\u00e9dicas que sigue clausurada desde fines de enero.<!--more--><\/p>\n<hr \/>\n<p><a href=\"https:\/\/cdnoticias.com\/index.php\/2025\/01\/31\/clausuraron-una-empresa-de-emergencia-de-salud-tras-denuncias-por-irregularidades\/\" target=\"_blank\" rel=\"noopener\">A fines de enero se conoci\u00f3 la <strong>clausura de la empresa de emergencias m\u00e9dicas SEM<\/strong><\/a> a ra\u00edz de<strong> denuncias administrativas por graves irregularidades<\/strong> en la prestaci\u00f3n del servicio. Para ese momento, <strong>los trabajadores de la firma ya registraban demoras en los pagos salariales<\/strong> y en los \u00faltimos d\u00edas <strong>la situaci\u00f3n de la empresa creci\u00f3 en conflictividad.<\/strong><\/p>\n<p>Es que <strong>la sede de la firma, ubicada en Col\u00f3n al 2500, fue vaciada<\/strong>: los <strong>veh\u00edculos, incluyendo ambulancias<\/strong>, as\u00ed como los <strong>equipos y herramientas de trabajos<\/strong> fueron <strong>retirados<\/strong> de las instalaciones.<\/p>\n<blockquote>\n<p>Uno de los trabajadores afectados inform\u00f3 a <strong>Central de Noticias<\/strong> que \u201chace tres meses\u201d que recib\u00edan pagos salariales con irregularidades que pasaban tanto por las demoras en completar los abonos, as\u00ed como pagos \u201cen negro\u201d y corte de la obra social por falta de aportes. En diciembre no percibieron sus sueldos ni tampoco se hicieron los aportes correspondientes.<\/p>\n<\/blockquote>\n<p>Hoy son unos <strong>20 los empleados afectados<\/strong>. Trascendi\u00f3 que <strong>desde la empresa<\/strong> se habr\u00edan comunicado con ellos para anunciar que<strong> \u201cel viernes\u201d completar\u00edan los pagos demorados.<\/strong><\/p>\n<figure id=\"attachment_157534\" aria-describedby=\"caption-attachment-157534\" style=\"width: 1000px\" class=\"wp-caption aligncenter\"><img data-recalc-dims=\"1\" loading=\"lazy\" decoding=\"async\" class=\"wp-image-157534 size-full\" src=\"https:\/\/i0.wp.com\/cdnoticias.com\/wp-content\/uploads\/2025\/02\/SEM-emergencias-medicas-03.jpg?resize=800%2C445&#038;ssl=1\" alt=\"\" width=\"800\" height=\"445\" srcset=\"https:\/\/i0.wp.com\/cdnoticias.com\/wp-content\/uploads\/2025\/02\/SEM-emergencias-medicas-03.jpg?w=1000&amp;ssl=1 1000w, https:\/\/i0.wp.com\/cdnoticias.com\/wp-content\/uploads\/2025\/02\/SEM-emergencias-medicas-03.jpg?resize=300%2C167&amp;ssl=1 300w, https:\/\/i0.wp.com\/cdnoticias.com\/wp-content\/uploads\/2025\/02\/SEM-emergencias-medicas-03.jpg?resize=768%2C427&amp;ssl=1 768w, https:\/\/i0.wp.com\/cdnoticias.com\/wp-content\/uploads\/2025\/02\/SEM-emergencias-medicas-03.jpg?resize=800%2C445&amp;ssl=1 800w\" sizes=\"auto, (max-width: 800px) 100vw, 800px\" \/><figcaption id=\"caption-attachment-157534\" class=\"wp-caption-text\">Tras la clausura de la empresa, vac\u00edan la sede de SEM.<\/figcaption><\/figure>\n<p>\u00a0<\/p>\n<blockquote>\n<p>En tanto, <strong>Central de Noticias<\/strong> pudo saber que la Delegaci\u00f3n local del Ministerio de Trabajo inici\u00f3 una intervenci\u00f3n con los trabajadores que aceptaron presentarse aunque la mayor\u00eda de ellos aguardaba el cumplimiento del compromiso de la firma de emergencias de salud.<\/p>\n<\/blockquote>\n<p>La empresa SEM tiene extensa trayectoria en Olavarr\u00eda.<strong> Hace aproximadamente dos a\u00f1os cambi\u00f3 de due\u00f1os<\/strong>: <strong>Marcos Fotti y Pedro Alcorta<\/strong> asumieron la conducci\u00f3n. Hace pocos meses, la firma local empez\u00f3 a prestar servicios como<em> \u201csubcontratada\u201d por otra empresa para brindar servicios de traslados de pacientes al PAMI<\/em>. En esa relaci\u00f3n inter-empresarial se sum\u00f3 como <strong>coordinador Mariano Ciancio<\/strong>, un ex dirigente fomentista y ex funcionario municipal hasta 2023 cuando renunci\u00f3 -hab\u00eda sido suspendido en 2022- tras haber sido denunciado en una causa penal.<\/p>\n<p>Justamente, <strong>en esa prestaci\u00f3n de servicios a PAMI es que se detectaron las irregularidades<\/strong> que fueron denunciadas administrativamente por la Municipalidad de Olavarr\u00eda y que terminaron en la<strong> clausura de SEM, condici\u00f3n en la que sigue<\/strong>.<\/p>\n<p><strong>Los nombres de esas tres personas son los citados por los trabajadores como los responsables<\/strong> de la empresa y de quienes esperan respuestas por los<strong> pagos salariales y la continuidad laboral<\/strong>.<\/p>\n<p>A su vez, cabe resaltar que tambi\u00e9n se detallaron a este medio <strong>diversas irregularidades en la prestaci\u00f3n de los servicios de traslados de pacientes de varias obras sociales<\/strong> que exponen incluso graves incumplimiento de la normativa que regula la actividad al tiempo que, resumidamente, se traducir\u00edan en <strong>cobros para la empresa por servicios que no se dar\u00edan efectivamente<\/strong>. Estos incumplimientos expuestos se condicen con lo que denunci\u00f3 el Municipio en el Ministerio de Salud provincial y que derivaron en la clausura.<\/p>\n\n\n<p><\/p>\n","protected":false},"excerpt":{"rendered":"<p>Comenz\u00f3 la intervenci\u00f3n del Ministerio de Trabajo en la firma de emergencias m\u00e9dicas que sigue clausurada desde fines de enero.<\/p>\n","protected":false},"author":4,"featured_media":157532,"comment_status":"closed","ping_status":"closed","sticky":false,"template":"","format":"standard","meta":{"_jetpack_memberships_contains_paid_content":false,"footnotes":""},"categories":[5,1],"tags":[],"class_list":["post-157529","post","type-post","status-publish","format-standard","has-post-thumbnail","hentry","category-informacion-general","category-portada"],"jetpack_featured_media_url":"https:\/\/i0.wp.com\/cdnoticias.com\/wp-content\/uploads\/2025\/02\/SEM-emergencias-medicas-01.jpg?fit=1000%2C556&ssl=1","jetpack_sharing_enabled":true,"_links":{"self":[{"href":"https:\/\/cdnoticias.com\/index.php\/wp-json\/wp\/v2\/posts\/157529","targetHints":{"allow":["GET"]}}],"collection":[{"href":"https:\/\/cdnoticias.com\/index.php\/wp-json\/wp\/v2\/posts"}],"about":[{"href":"https:\/\/cdnoticias.com\/index.php\/wp-json\/wp\/v2\/types\/post"}],"author":[{"embeddable":true,"href":"https:\/\/cdnoticias.com\/index.php\/wp-json\/wp\/v2\/users\/4"}],"replies":[{"embeddable":true,"href":"https:\/\/cdnoticias.com\/index.php\/wp-json\/wp\/v2\/comments?post=157529"}],"version-history":[{"count":0,"href":"https:\/\/cdnoticias.com\/index.php\/wp-json\/wp\/v2\/posts\/157529\/revisions"}],"wp:featuredmedia":[{"embeddable":true,"href":"https:\/\/cdnoticias.com\/index.php\/wp-json\/wp\/v2\/media\/157532"}],"wp:attachment":[{"href":"https:\/\/cdnoticias.com\/index.php\/wp-json\/wp\/v2\/media?parent=157529"}],"wp:term":[{"taxonomy":"category","embeddable":true,"href":"https:\/\/cdnoticias.com\/index.php\/wp-json\/wp\/v2\/categories?post=157529"},{"taxonomy":"post_tag","embeddable":true,"href":"https:\/\/cdnoticias.com\/index.php\/wp-json\/wp\/v2\/tags?post=157529"}],"curies":[{"name":"wp","href":"https:\/\/api.w.org\/{rel}","templated":true}]}}