{"id":157520,"date":"2025-02-12T12:11:20","date_gmt":"2025-02-12T15:11:20","guid":{"rendered":"https:\/\/cdnoticias.com\/?p=157520"},"modified":"2025-02-12T17:53:56","modified_gmt":"2025-02-12T20:53:56","slug":"celeste-arouxet-es-momento-de-dejar-de-lado-las-diferencias-personales","status":"publish","type":"post","link":"https:\/\/cdnoticias.com\/index.php\/2025\/02\/12\/celeste-arouxet-es-momento-de-dejar-de-lado-las-diferencias-personales\/","title":{"rendered":"Celeste Arouxet: \u201ces momento de dejar de lado las diferencias personales\u201d"},"content":{"rendered":"\n<p>La referente local de La Libertad Avanza habl\u00f3 del v\u00ednculo con el bullrichismo y con un sector del PRO. Las conversaciones con Ezequiel Galli, el trabajo con Andrea Coronel y el acercamiento de Carola Patan\u00e9.<\/p>\n\n\n\n<hr class=\"wp-block-separator has-alpha-channel-opacity\"\/>\n\n\n\n<p>La<strong> referente de la Libertad Avanza en Olavarr\u00eda, Celeste Arouxet, <\/strong>se refiri\u00f3 al acercamiento del espacio con el sector de la ministra de Seguridad Nacional Patricia Bullrich. En di\u00e1logo con el programa <em>Levantate (Radio Sapiens)<\/em> dio cuenta de una <strong>reuni\u00f3n con Andrea Coronel, referente del bullrichismo a nivel local.<\/strong><\/p>\n\n\n\n<p><\/p>\n\n\n\n<p>\u201c<strong>La idea es trabajar juntos<\/strong>. Anoche tuvimos un <strong>zoom con Sebasti\u00e1n Pareja (presidente de LLA bonaerense) donde nos pusimos al tanto de esta situaci\u00f3n,<\/strong> que es lo que va a pasar en Olavarr\u00eda. Si bien Patricia Bullrich ya est\u00e1 dentro de la Libertad de Avanza, por ah\u00ed<strong> en lo local todav\u00eda no hab\u00edamos tenido ese acercamiento <\/strong>para ya empezar un trabajo en conjunto\u201d.<\/p>\n\n\n\n<p><\/p>\n\n\n\n<blockquote class=\"wp-block-quote is-layout-flow wp-block-quote-is-layout-flow\">\n<p>Calific\u00f3 la reuni\u00f3n con Andrea Coronel como \u201cmuy productiva\u201d y adelant\u00f3 que las juventudes de ambos espacios tambi\u00e9n comenzar\u00e1n a reunirse. \u201cAndrea puso tambi\u00e9n el equipo a disposici\u00f3n, obviamente tenemos nuestro local, desde el cual se va a hacer el trabajo de territorio\u201d.<\/p>\n<\/blockquote>\n\n\n\n<p><\/p>\n\n\n\n<p>Por otra parte, se refiri\u00f3 al <strong>ex intendente Ezequiel Galli<\/strong>. Confirm\u00f3 que <strong>\u201clas conversaciones siguen vigentes\u201d<\/strong> y se encuentran<strong> \u201cesperando que tome la decisi\u00f3n por un s\u00ed o por un no\u201d. <\/strong>Arouxet manifest\u00f3 que \u201clos tiempos corren y se necesita salir a trabajar, porque no solamente tenemos que hablar de un traspaso, sino un trabajo en equipo que debe demostrarse\u201d.<\/p>\n\n\n\n<p><\/p>\n\n\n\n<blockquote class=\"wp-block-quote is-layout-flow wp-block-quote-is-layout-flow\">\n<p>La l\u00edder de LLA local reforz\u00f3: \u201clas conversaciones son constantes, obviamente Ezequiel va desde la organicidad con Diego Santilli, que es un referente. Y bueno, esperando, parece que capaz no encuentran la lapicera para el libro de pases\u201d.<\/p>\n<\/blockquote>\n\n\n\n<p><\/p>\n\n\n\n<p>Y pidi\u00f3 <strong>\u201cno personalizar\u201d <\/strong>sino hablar \u201cdel bullrichismo, de La Libertad Avanza y del sector del PRO que decide sumarse al proyecto del presidente Javier Milei.<strong> Son equipos que tienen que empezar a trabajar para las elecciones y el objetivo es el mismo<\/strong>\u201d.<\/p>\n\n\n\n<p><\/p>\n\n\n\n<p>Asimismo hizo referencia a la relaci\u00f3n con el<strong> referente de la s\u00e9ptima secci\u00f3n electoral, Alejandro Speroni, <\/strong>luego de que se mostrara<a href=\"https:\/\/cdnoticias.com\/index.php\/2024\/12\/03\/speroni-no-hay-que-poner-el-carro-delante-de-los-bueyes-estamos-en-una-etapa-de-consolidacion\/\" data-type=\"link\" data-id=\"https:\/\/cdnoticias.com\/index.php\/2024\/12\/03\/speroni-no-hay-que-poner-el-carro-delante-de-los-bueyes-estamos-en-una-etapa-de-consolidacion\/\"> cr\u00edtico ante una posible alianza con Ezequiel Galli e incluso pidiera \u201cprudencia\u201d y \u201cdejar de especular con la llegada al espacio\u201d.<\/a><\/p>\n\n\n\n<p><\/p>\n\n\n\n<figure class=\"wp-block-embed is-type-wp-embed is-provider-central-de-noticias-olavarr-a wp-block-embed-central-de-noticias-olavarr-a\"><div class=\"wp-block-embed__wrapper\">\n<blockquote class=\"wp-embedded-content\" data-secret=\"xOMCoDWkEH\"><a href=\"https:\/\/cdnoticias.com\/index.php\/2024\/12\/03\/speroni-no-hay-que-poner-el-carro-delante-de-los-bueyes-estamos-en-una-etapa-de-consolidacion\/\">Speroni: \u201cNo hay que poner el carro delante de los bueyes, estamos en una etapa de consolidaci\u00f3n\u201d<\/a><\/blockquote><iframe loading=\"lazy\" class=\"wp-embedded-content\" sandbox=\"allow-scripts\" security=\"restricted\" style=\"position: absolute; visibility: hidden;\" title=\"&#8220;Speroni: \u201cNo hay que poner el carro delante de los bueyes, estamos en una etapa de consolidaci\u00f3n\u201d&#8221; &#8212; Central de Noticias | Olavarr\u00eda\" src=\"https:\/\/cdnoticias.com\/index.php\/2024\/12\/03\/speroni-no-hay-que-poner-el-carro-delante-de-los-bueyes-estamos-en-una-etapa-de-consolidacion\/embed\/#?secret=PeLY4IgjGq#?secret=xOMCoDWkEH\" data-secret=\"xOMCoDWkEH\" width=\"600\" height=\"338\" frameborder=\"0\" marginwidth=\"0\" marginheight=\"0\" scrolling=\"no\"><\/iframe>\n<\/div><\/figure>\n\n\n\n<p><\/p>\n\n\n\n<blockquote class=\"wp-block-quote is-layout-flow wp-block-quote-is-layout-flow\">\n<p>\u201c\u00c9l (Speroni) por ah\u00ed personaliz\u00f3 en la figura de Ezequiel y ac\u00e1 la alianza como dijimos no es con Ezequiel sino con un mont\u00f3n de personas que eligieron ese proyecto pol\u00edtico en su momento\u201d.<\/p>\n<\/blockquote>\n\n\n\n<p><\/p>\n\n\n\n<p>\u201cAyer en el zoom est\u00e1bamos los coordinadores distritales y Sebasti\u00e1n Pareja fue muy claro, que los coordinadores distritales son los que organizan lo que son los armados territoriales. Alejandro (Speroni) es nuestro administrador, as\u00ed que ayer se fijaron actividades a futuro\u201d, continu\u00f3 Arouxet.<\/p>\n\n\n\n<p><\/p>\n\n\n\n<p>Tambi\u00e9n, ante el <strong>arribo de Carola Patan\u00e9 a LLA<\/strong>, indic\u00f3 que \u201ctuve una reuni\u00f3n con Carola para explicarle c\u00f3mo era la metodolog\u00eda de trabajo de Sebasti\u00e1n Pareja, donde las actividades deber\u00edan ser comunicadas a los coordinadores distritales antes de llevarse a cabo, Carola entendi\u00f3 eso, y hoy por hoy la funci\u00f3n de ella est\u00e1 vinculada a dos programas de ayuda a los clubes y esa es la actividad que est\u00e1 realizando\u201d.<\/p>\n\n\n\n<p><\/p>\n\n\n\n<p><strong>La ruptura del bloque<\/strong><\/p>\n\n\n\n<p><\/p>\n\n\n\n<p>Celeste Arouxet tambi\u00e9n se refiri\u00f3 en di\u00e1logo con el periodista Mario Coppola al <strong>quiebre del bloque de LLA en el HCD con la salida de Marcelo Petehs y Adela Casamayor,<\/strong> quienes pasaron a conformar el nuevo espacio denominado &#8220;Por m\u00e1s Libertad&#8221;. <\/p>\n\n\n\n<p><\/p>\n\n\n\n<p>\u201cObviamente te duele y tambi\u00e9n te genera aprendizajes a futuro, no olvidemos que somos un espacio nuevo, que de los errores tambi\u00e9n se aprende y hoy ellos est\u00e1n en su bloque. Pero bueno, las puertas siguen estando abiertas. <strong>Si todos vamos por el proyecto de Javier Milei creo que es momento de dejar de lado las diferencias personales<\/strong>\u201d, afirm\u00f3 Arouxet.<\/p>\n\n\n\n<p><\/p>\n\n\n\n<p>Por \u00faltimo, critic\u00f3 la decisi\u00f3n del Ejecutivo local de<a href=\"https:\/\/cdnoticias.com\/index.php\/2025\/02\/11\/eliminaron-los-carnets-hospitalarios-y-el-arancelamiento-del-sistema-de-salud-de-olavarria\/\" data-type=\"link\" data-id=\"https:\/\/cdnoticias.com\/index.php\/2025\/02\/11\/eliminaron-los-carnets-hospitalarios-y-el-arancelamiento-del-sistema-de-salud-de-olavarria\/\"> eliminar los carnets hospitalarios y el arancelamiento del sistema de Salud de Olavarr\u00eda<\/a> y adelant\u00f3 que realizar\u00e1n un pedido de informes \u201cpara ver c\u00f3mo se hacen los an\u00e1lisis socioecon\u00f3micos en cuanto a las personas que tengan o no carnets hospitalarios, quienes tengan o no cobertura, a ver c\u00f3mo se midi\u00f3 ese impacto\u201d.<\/p>\n","protected":false},"excerpt":{"rendered":"<p>La referente local de La Libertad Avanza habl\u00f3 del v\u00ednculo con el bullrichismo y con un sector del PRO. Las<\/p>\n","protected":false},"author":5,"featured_media":99409,"comment_status":"closed","ping_status":"closed","sticky":false,"template":"","format":"standard","meta":{"_jetpack_memberships_contains_paid_content":false,"footnotes":""},"categories":[4,1],"tags":[],"class_list":["post-157520","post","type-post","status-publish","format-standard","has-post-thumbnail","hentry","category-politica","category-portada"],"jetpack_featured_media_url":"https:\/\/i0.wp.com\/cdnoticias.com\/wp-content\/uploads\/2023\/10\/celeste-arouxet-02.jpg?fit=800%2C445&ssl=1","jetpack_sharing_enabled":true,"_links":{"self":[{"href":"https:\/\/cdnoticias.com\/index.php\/wp-json\/wp\/v2\/posts\/157520","targetHints":{"allow":["GET"]}}],"collection":[{"href":"https:\/\/cdnoticias.com\/index.php\/wp-json\/wp\/v2\/posts"}],"about":[{"href":"https:\/\/cdnoticias.com\/index.php\/wp-json\/wp\/v2\/types\/post"}],"author":[{"embeddable":true,"href":"https:\/\/cdnoticias.com\/index.php\/wp-json\/wp\/v2\/users\/5"}],"replies":[{"embeddable":true,"href":"https:\/\/cdnoticias.com\/index.php\/wp-json\/wp\/v2\/comments?post=157520"}],"version-history":[{"count":0,"href":"https:\/\/cdnoticias.com\/index.php\/wp-json\/wp\/v2\/posts\/157520\/revisions"}],"wp:featuredmedia":[{"embeddable":true,"href":"https:\/\/cdnoticias.com\/index.php\/wp-json\/wp\/v2\/media\/99409"}],"wp:attachment":[{"href":"https:\/\/cdnoticias.com\/index.php\/wp-json\/wp\/v2\/media?parent=157520"}],"wp:term":[{"taxonomy":"category","embeddable":true,"href":"https:\/\/cdnoticias.com\/index.php\/wp-json\/wp\/v2\/categories?post=157520"},{"taxonomy":"post_tag","embeddable":true,"href":"https:\/\/cdnoticias.com\/index.php\/wp-json\/wp\/v2\/tags?post=157520"}],"curies":[{"name":"wp","href":"https:\/\/api.w.org\/{rel}","templated":true}]}}