{"id":157503,"date":"2025-02-12T08:33:40","date_gmt":"2025-02-12T11:33:40","guid":{"rendered":"https:\/\/cdnoticias.com\/?p=157503"},"modified":"2025-02-12T12:11:49","modified_gmt":"2025-02-12T15:11:49","slug":"gaston-sarachu-deja-desarrollo-economico-y-asume-pablo-di-uono","status":"publish","type":"post","link":"https:\/\/cdnoticias.com\/index.php\/2025\/02\/12\/gaston-sarachu-deja-desarrollo-economico-y-asume-pablo-di-uono\/","title":{"rendered":"Gast\u00f3n Sarachu deja Desarrollo Econ\u00f3mico y asume Pablo Di Uono"},"content":{"rendered":"<p>El Municipio comunic\u00f3 la medida como \u201creorganizaci\u00f3n\u201d en la Secretar\u00eda. Sarachu pasa a la Jefatura de Gabinete.<!--more--><\/p>\n<hr \/>\n<p>Este mi\u00e9rcoles se inform\u00f3 un<strong> importante cambio en el Ejecutivo Municipal<\/strong> con la salida de un secretario.<\/p>\n<blockquote><p>\u201cEl Municipio de Olavarr\u00eda informa una reorganizaci\u00f3n en el \u00e1rea de la Secretar\u00eda de Desarrollo Econ\u00f3mico, por tal motivo Gast\u00f3n Sarachu ser\u00e1 reemplazado por Pablo Di Uono\u201d se inform\u00f3.<\/p><\/blockquote>\n<p>Hasta el momento, <strong>Di Uono se desempe\u00f1aba como director del \u00e1rea de Prensa municipal<\/strong> y no se inform\u00f3 reemplazo en su puesto.<\/p>\n<p>En tanto, se indic\u00f3 que<strong> \u201cGast\u00f3n Sarachu continuar\u00e1 en el Ejecutivo y se desempe\u00f1ar\u00e1 en el \u00e1rea de jefatura de Gabinete\u201d<\/strong>.<\/p>\n","protected":false},"excerpt":{"rendered":"<p>El Municipio comunic\u00f3 la medida como \u201creorganizaci\u00f3n\u201d en la Secretar\u00eda. Sarachu pasa a la Jefatura de Gabinete.<\/p>\n","protected":false},"author":4,"featured_media":143984,"comment_status":"closed","ping_status":"closed","sticky":false,"template":"","format":"standard","meta":{"_jetpack_memberships_contains_paid_content":false,"footnotes":""},"categories":[4,1],"tags":[],"class_list":["post-157503","post","type-post","status-publish","format-standard","has-post-thumbnail","hentry","category-politica","category-portada"],"jetpack_featured_media_url":"https:\/\/i0.wp.com\/cdnoticias.com\/wp-content\/uploads\/2025\/01\/Gaston-Sarachu-00.jpg?fit=900%2C501&ssl=1","jetpack_sharing_enabled":true,"_links":{"self":[{"href":"https:\/\/cdnoticias.com\/index.php\/wp-json\/wp\/v2\/posts\/157503","targetHints":{"allow":["GET"]}}],"collection":[{"href":"https:\/\/cdnoticias.com\/index.php\/wp-json\/wp\/v2\/posts"}],"about":[{"href":"https:\/\/cdnoticias.com\/index.php\/wp-json\/wp\/v2\/types\/post"}],"author":[{"embeddable":true,"href":"https:\/\/cdnoticias.com\/index.php\/wp-json\/wp\/v2\/users\/4"}],"replies":[{"embeddable":true,"href":"https:\/\/cdnoticias.com\/index.php\/wp-json\/wp\/v2\/comments?post=157503"}],"version-history":[{"count":0,"href":"https:\/\/cdnoticias.com\/index.php\/wp-json\/wp\/v2\/posts\/157503\/revisions"}],"wp:featuredmedia":[{"embeddable":true,"href":"https:\/\/cdnoticias.com\/index.php\/wp-json\/wp\/v2\/media\/143984"}],"wp:attachment":[{"href":"https:\/\/cdnoticias.com\/index.php\/wp-json\/wp\/v2\/media?parent=157503"}],"wp:term":[{"taxonomy":"category","embeddable":true,"href":"https:\/\/cdnoticias.com\/index.php\/wp-json\/wp\/v2\/categories?post=157503"},{"taxonomy":"post_tag","embeddable":true,"href":"https:\/\/cdnoticias.com\/index.php\/wp-json\/wp\/v2\/tags?post=157503"}],"curies":[{"name":"wp","href":"https:\/\/api.w.org\/{rel}","templated":true}]}}