{"id":15724,"date":"2021-03-09T14:24:27","date_gmt":"2021-03-09T17:24:27","guid":{"rendered":"http:\/\/www.centraldenoticias.com.ar\/?p=15724"},"modified":"2021-03-09T14:24:27","modified_gmt":"2021-03-09T17:24:27","slug":"vacunacion-la-provincia-recibio-2-529-contactos-por-irregularidades","status":"publish","type":"post","link":"https:\/\/cdnoticias.com\/index.php\/2021\/03\/09\/vacunacion-la-provincia-recibio-2-529-contactos-por-irregularidades\/","title":{"rendered":"Vacunaci\u00f3n: la Provincia recibi\u00f3 2.529 contactos por irregularidades"},"content":{"rendered":"<p>Se desestim\u00f3 m\u00e1s de 80%: \u201cno se trataba de informaci\u00f3n vinculada a alg\u00fan tipo de irregularidad\u201d dijo Bianco. Hay ocho procesos de investigaci\u00f3n. La situaci\u00f3n sanitaria bonaerense.<!--more--><\/p>\n<hr \/>\n<p><strong>El ministro de Salud y el jefe de Gabinete, Carlos Bianco, destacaron el avance del plan Buenos Aires Vacunate<\/strong> y reafirmaron la decisi\u00f3n de seguir a paso firme con la aplicaci\u00f3n de dosis.<\/p>\n<p>&nbsp;<\/p>\n<p>El ministro de Salud Daniel Gollan y el jefe de Gabinete Carlos Bianco <strong>presentaron la situaci\u00f3n epidemiol\u00f3gica y sanitaria<\/strong> en la provincia de Buenos Aires y el esquema de fases de aislamiento y distanciamiento social, preventivo y obligatorio en todo el territorio provincial. Fue en la habitual conferencia de prensa realizada en el Sal\u00f3n Dorado de la Gobernaci\u00f3n bonaerense de los martes.<\/p>\n<p>&nbsp;<\/p>\n<p>Con respecto al sistema de recepci\u00f3n de informaci\u00f3n sobre <strong>supuestas irregularidades en el sistema de vacunaci\u00f3n<\/strong>, el Jefe de Gabinete afirm\u00f3 que <strong>hasta el momento fueron recibidas 2.529 solicitudes, de las cuales 2.217 fueron desestimadas<\/strong> tras investigar y constatar que no se trataba de informaci\u00f3n vinculada a alg\u00fan tipo de irregularidad.<\/p>\n<p>&nbsp;<\/p>\n<blockquote><p>No obstante, 312 contactos s\u00ed fueron considerados, en base a los datos provistos, y tras un an\u00e1lisis exhaustivo ocho se encuentran en proceso de investigaci\u00f3n intensiva para comprobar si existieron irregularidades.<\/p><\/blockquote>\n<p>&nbsp;<\/p>\n<p>La semana pasada, <a href=\"https:\/\/cdnoticias.com\/index.php\/2021\/03\/02\/bianco-dijo-que-se-investiga-la-presunta-vacunacion-irregular-del-chofer-de-lunghi\/\" target=\"_blank\" rel=\"noopener\">el funcionario hab\u00eda hecho referencia a la situaci\u00f3n de Tandil<\/a> donde hubo una denuncia por un empleado municipal que habr\u00eda sido vacunado de manera irregular, y en los \u00faltimos d\u00edas se conoci\u00f3 la <a href=\"https:\/\/cdnoticias.com\/index.php\/2021\/03\/08\/crece-el-escandalo-en-azul-por-graves-irregularidades-en-la-vacunacion-por-covid\/\" target=\"_blank\" rel=\"noopener\">denuncia penal asentada en Azu<\/a>l contra directivos de un hospital.<\/p>\n<p>&nbsp;<\/p>\n<p>Asimismo, Bianco afirm\u00f3: \u201cNosotros tenemos un solo y \u00fanico objetivo respecto del plan de vacunaci\u00f3n: vacunar, vacunar y vacunar\u201d, y concluy\u00f3: <strong>\u201cTodas las vacunas que llegan las estamos inoculando de la manera m\u00e1s eficiente y m\u00e1s r\u00e1pida posible\u201d<\/strong>.<\/p>\n<p><img data-recalc-dims=\"1\" loading=\"lazy\" decoding=\"async\" class=\"aligncenter wp-image-15729 size-full\" src=\"https:\/\/i0.wp.com\/cdnoticias.com\/wp-content\/uploads\/2021\/03\/conferencia01.jpg?resize=800%2C445&#038;ssl=1\" alt=\"\" width=\"800\" height=\"445\" srcset=\"https:\/\/i0.wp.com\/cdnoticias.com\/wp-content\/uploads\/2021\/03\/conferencia01.jpg?w=800&amp;ssl=1 800w, https:\/\/i0.wp.com\/cdnoticias.com\/wp-content\/uploads\/2021\/03\/conferencia01.jpg?resize=300%2C167&amp;ssl=1 300w, https:\/\/i0.wp.com\/cdnoticias.com\/wp-content\/uploads\/2021\/03\/conferencia01.jpg?resize=768%2C427&amp;ssl=1 768w\" sizes=\"auto, (max-width: 800px) 100vw, 800px\" \/><\/p>\n<p>En tanto, el ministro Gollan se\u00f1al\u00f3 que <strong>el promedio diario de casos tuvo un ligero aumento<\/strong> respecto del registrado la semana previa: 2.594 frente a 2.562.<\/p>\n<p>&nbsp;<\/p>\n<blockquote><p>No obstante, destac\u00f3 que \u201cobservamos un descenso en la tasa de letalidad, as\u00ed como en la ocupaci\u00f3n de camas de terapia intensiva, donde tenemos 14 camas ocupadas menos que la semana pasada. Podemos decir que el frente sanitario est\u00e1 tranquilo\u201d.<\/p><\/blockquote>\n<p>&nbsp;<\/p>\n<p>Con respecto al avance del <strong>plan Buenos Aires Vacunate<\/strong>, Gollan explic\u00f3 que <strong>al d\u00eda de la fecha se llevan aplicadas 726.665 dosis<\/strong>, de las cuales 592.609 corresponden al componente n\u00famero 1 y 134.056 al componente n\u00famero 2.<\/p>\n<p><img data-recalc-dims=\"1\" loading=\"lazy\" decoding=\"async\" class=\"aligncenter wp-image-15727 size-full\" src=\"https:\/\/i0.wp.com\/cdnoticias.com\/wp-content\/uploads\/2021\/03\/casos.jpg?resize=800%2C445&#038;ssl=1\" alt=\"\" width=\"800\" height=\"445\" srcset=\"https:\/\/i0.wp.com\/cdnoticias.com\/wp-content\/uploads\/2021\/03\/casos.jpg?w=800&amp;ssl=1 800w, https:\/\/i0.wp.com\/cdnoticias.com\/wp-content\/uploads\/2021\/03\/casos.jpg?resize=300%2C167&amp;ssl=1 300w, https:\/\/i0.wp.com\/cdnoticias.com\/wp-content\/uploads\/2021\/03\/casos.jpg?resize=768%2C427&amp;ssl=1 768w\" sizes=\"auto, (max-width: 800px) 100vw, 800px\" \/><\/p>\n<p>\u201cEsto quiere decir que <strong>el proceso de vacunaci\u00f3n viene avanzando fuertemente en la provincia<\/strong>, tanto en la aplicaci\u00f3n de dosis como en la entrega de turnos. Siendo que se trata de una vacunaci\u00f3n optativa, ya hemos traspasado los cuatro millones de inscriptos\u201d, agreg\u00f3 el ministro. \u201cNo vamos a dejar de vacunar. Implementamos centros de salud donde la gente puede esperar la dosis en \u00f3ptimas condiciones: al aire libre, sin mojarse en caso de lluvia. Son centros que se establecieron en coordinaci\u00f3n con las y los intendentes\u201d, concluy\u00f3 Gollan.<\/p>\n<p>&nbsp;<\/p>\n<p>Bianco, por su parte, present\u00f3 la <strong>situaci\u00f3n del esquema de fases en la provincia<\/strong>: 108 municipios se encuentran en fase 4 -entre ellos Olavarr\u00eda- y 27 en fase 5, lo que implica que, en comparaci\u00f3n con la semana anterior, tres distritos pasaron de fase 4 a fase 5.<\/p>\n<p><img data-recalc-dims=\"1\" loading=\"lazy\" decoding=\"async\" class=\"aligncenter wp-image-15726 size-full\" src=\"https:\/\/i0.wp.com\/cdnoticias.com\/wp-content\/uploads\/2021\/03\/fases.jpg?resize=800%2C445&#038;ssl=1\" alt=\"\" width=\"800\" height=\"445\" srcset=\"https:\/\/i0.wp.com\/cdnoticias.com\/wp-content\/uploads\/2021\/03\/fases.jpg?w=800&amp;ssl=1 800w, https:\/\/i0.wp.com\/cdnoticias.com\/wp-content\/uploads\/2021\/03\/fases.jpg?resize=300%2C167&amp;ssl=1 300w, https:\/\/i0.wp.com\/cdnoticias.com\/wp-content\/uploads\/2021\/03\/fases.jpg?resize=768%2C427&amp;ssl=1 768w\" sizes=\"auto, (max-width: 800px) 100vw, 800px\" \/><\/p>\n","protected":false},"excerpt":{"rendered":"<p>Se desestim\u00f3 m\u00e1s de 80%: \u201cno se trataba de informaci\u00f3n vinculada a alg\u00fan tipo de irregularidad\u201d dijo Bianco. Hay ocho<\/p>\n","protected":false},"author":4,"featured_media":15728,"comment_status":"closed","ping_status":"closed","sticky":false,"template":"","format":"standard","meta":{"_jetpack_memberships_contains_paid_content":false,"footnotes":""},"categories":[6,1],"tags":[],"class_list":["post-15724","post","type-post","status-publish","format-standard","has-post-thumbnail","hentry","category-nacionales","category-portada"],"jetpack_featured_media_url":"https:\/\/i0.wp.com\/cdnoticias.com\/wp-content\/uploads\/2021\/03\/conferencia00.jpg?fit=800%2C445&ssl=1","jetpack_sharing_enabled":true,"_links":{"self":[{"href":"https:\/\/cdnoticias.com\/index.php\/wp-json\/wp\/v2\/posts\/15724","targetHints":{"allow":["GET"]}}],"collection":[{"href":"https:\/\/cdnoticias.com\/index.php\/wp-json\/wp\/v2\/posts"}],"about":[{"href":"https:\/\/cdnoticias.com\/index.php\/wp-json\/wp\/v2\/types\/post"}],"author":[{"embeddable":true,"href":"https:\/\/cdnoticias.com\/index.php\/wp-json\/wp\/v2\/users\/4"}],"replies":[{"embeddable":true,"href":"https:\/\/cdnoticias.com\/index.php\/wp-json\/wp\/v2\/comments?post=15724"}],"version-history":[{"count":0,"href":"https:\/\/cdnoticias.com\/index.php\/wp-json\/wp\/v2\/posts\/15724\/revisions"}],"wp:featuredmedia":[{"embeddable":true,"href":"https:\/\/cdnoticias.com\/index.php\/wp-json\/wp\/v2\/media\/15728"}],"wp:attachment":[{"href":"https:\/\/cdnoticias.com\/index.php\/wp-json\/wp\/v2\/media?parent=15724"}],"wp:term":[{"taxonomy":"category","embeddable":true,"href":"https:\/\/cdnoticias.com\/index.php\/wp-json\/wp\/v2\/categories?post=15724"},{"taxonomy":"post_tag","embeddable":true,"href":"https:\/\/cdnoticias.com\/index.php\/wp-json\/wp\/v2\/tags?post=15724"}],"curies":[{"name":"wp","href":"https:\/\/api.w.org\/{rel}","templated":true}]}}