{"id":15721,"date":"2021-03-09T14:44:33","date_gmt":"2021-03-09T17:44:33","guid":{"rendered":"http:\/\/www.centraldenoticias.com.ar\/?p=15721"},"modified":"2021-03-09T16:12:16","modified_gmt":"2021-03-09T19:12:16","slug":"emotivo-acto-en-el-concejo-deliberante-con-los-reconocimientos-a-las-mujeres-destacadas","status":"publish","type":"post","link":"https:\/\/cdnoticias.com\/index.php\/2021\/03\/09\/emotivo-acto-en-el-concejo-deliberante-con-los-reconocimientos-a-las-mujeres-destacadas\/","title":{"rendered":"Emotivo acto en el Concejo Deliberante con los reconocimientos a las mujeres destacadas"},"content":{"rendered":"<p>Se concret\u00f3 en la ma\u00f1ana de este martes. Las mujeres de Olavarr\u00eda que sumaron compromiso a labores sociales y profesionales durante la pandemia.<!--more--><\/p>\n<hr \/>\n<p><strong>El Concejo Deliberante entreg\u00f3 este martes los reconocimientos por el marco del D\u00eda Internacional de la Mujer<\/strong>. En un emotivo acto en el patio del edificio de Alsina y San Mart\u00edn <strong>estuvieron las 13 mujeres destacadas quienes recibieron una estatuilla<\/strong>, el reconocimiento de los concejales y el aplauso del p\u00fablico.<\/p>\n<p>&nbsp;<\/p>\n<p>Las reconocidas fueron <strong>seleccionadas por la comisi\u00f3n de G\u00e9nero y Diversidad del Concejo<\/strong> por su labor destacada en 2020. El presidente del HCD Bruno Cenizo y la presidenta de la comisi\u00f3n, Alicia Almada, fueron los encargados de la apertura en la que destacaron la intenci\u00f3n de reconocer a las mujeres y tambi\u00e9n a los equipos de trabajo que las acompa\u00f1an.<\/p>\n<p>&nbsp;<\/p>\n<p>Por su <strong>\u201cCompromiso con el Arte y la Cultura\u201d<\/strong> fue reconocida <strong>Maribel Garc\u00eda<\/strong>, quien habl\u00f3 de su experiencia en la pandemia que derivaron en la edici\u00f3n de dos libros para ni\u00f1os -\u201cNirvana en pandemia\u201d y \u201cSuper Nirvana\u201d- y que surgieron adem\u00e1s de los pareceres y sentires de los m\u00e1s peque\u00f1os.<\/p>\n<p>&nbsp;<\/p>\n<p>Maribel tambi\u00e9n resalt\u00f3 la labor de los artistas en el contexto que se atraviesa desde el a\u00f1o pasado y su aporte ante situaciones tan dolorosas para la sociedad.<\/p>\n<p>&nbsp;<\/p>\n<p>Por su <strong>\u201cCompromiso con el Campo y la Vida Rural\u201d<\/strong> fue reconocida <strong>Ana Mar\u00eda D\u00edaz<\/strong>, docente e investigadora de amplia trayectoria en el Instituto de Formaci\u00f3n Docente N\u00b022 \u201cAdolfo Alsina\u201d -quien ya se jubil\u00f3-, y es miembro y fundadora del Lompe \u201cLugar Olavarriense de la Memoria Pedag\u00f3gica Mar\u00eda In\u00e9s Piriz\u201d (ISFD N\u00b022).<\/p>\n<p>&nbsp;<\/p>\n<p><img data-recalc-dims=\"1\" loading=\"lazy\" decoding=\"async\" class=\"alignnone size-full wp-image-15739\" src=\"https:\/\/i0.wp.com\/cdnoticias.com\/wp-content\/uploads\/2021\/03\/Ana-Mar%C3%ADa.jpeg?resize=800%2C450&#038;ssl=1\" alt=\"\" width=\"800\" height=\"450\" srcset=\"https:\/\/i0.wp.com\/cdnoticias.com\/wp-content\/uploads\/2021\/03\/Ana-Mar%C3%ADa.jpeg?w=1280&amp;ssl=1 1280w, https:\/\/i0.wp.com\/cdnoticias.com\/wp-content\/uploads\/2021\/03\/Ana-Mar%C3%ADa.jpeg?resize=300%2C169&amp;ssl=1 300w, https:\/\/i0.wp.com\/cdnoticias.com\/wp-content\/uploads\/2021\/03\/Ana-Mar%C3%ADa.jpeg?resize=768%2C432&amp;ssl=1 768w, https:\/\/i0.wp.com\/cdnoticias.com\/wp-content\/uploads\/2021\/03\/Ana-Mar%C3%ADa.jpeg?resize=1024%2C576&amp;ssl=1 1024w\" sizes=\"auto, (max-width: 800px) 100vw, 800px\" \/><\/p>\n<p>&nbsp;<\/p>\n<p>Present\u00f3 el proyecto de investigaci\u00f3n \u201cRed de escuelas rurales de Olavarr\u00eda y zona de influencia. En pandemia\u201d sobre el que habl\u00f3 en el acto. Repas\u00f3 su trayectoria en el \u00e1mbito de la docencia rural y pidi\u00f3 acompa\u00f1amiento para los establecimientos educativos en ese \u00e1mbito, con visitas y presencia de las autoridades locales.<\/p>\n<p>&nbsp;<\/p>\n<p><strong>Miriam Mosescu<\/strong> fue reconocida por su <strong>\u201cCompromiso con el Deporte\u201d<\/strong>. El concejal Nicol\u00e1s Marinangelli entreg\u00f3 la estatuilla al tiempo que puso en valor la labor de las instituciones deportivas y del deporte en la calidad de vida.<\/p>\n<p>&nbsp;<\/p>\n<p><img data-recalc-dims=\"1\" loading=\"lazy\" decoding=\"async\" class=\"alignnone size-full wp-image-15740\" src=\"https:\/\/i0.wp.com\/cdnoticias.com\/wp-content\/uploads\/2021\/03\/Moscescu.jpeg?resize=800%2C450&#038;ssl=1\" alt=\"\" width=\"800\" height=\"450\" srcset=\"https:\/\/i0.wp.com\/cdnoticias.com\/wp-content\/uploads\/2021\/03\/Moscescu.jpeg?w=1280&amp;ssl=1 1280w, https:\/\/i0.wp.com\/cdnoticias.com\/wp-content\/uploads\/2021\/03\/Moscescu.jpeg?resize=300%2C169&amp;ssl=1 300w, https:\/\/i0.wp.com\/cdnoticias.com\/wp-content\/uploads\/2021\/03\/Moscescu.jpeg?resize=768%2C432&amp;ssl=1 768w, https:\/\/i0.wp.com\/cdnoticias.com\/wp-content\/uploads\/2021\/03\/Moscescu.jpeg?resize=1024%2C576&amp;ssl=1 1024w\" sizes=\"auto, (max-width: 800px) 100vw, 800px\" \/><\/p>\n<p>&nbsp;<\/p>\n<p>Mosescu es pro secretaria de la Federaci\u00f3n Provincial de V\u00f3ley e integrante de la Secretar\u00eda de la Mujer de la instituci\u00f3n, adem\u00e1s de jugadora y desde hace varios a\u00f1os presidenta de la Asociaci\u00f3n Olavarriense de Voleibol, la que lleva adelante con muy poco apoyo dirigencial.<\/p>\n<p>&nbsp;<\/p>\n<p>En su alocuci\u00f3n en el acto se refiri\u00f3 a que durante 2020 inst\u00f3 a otras instituciones vinculadas al voley a que tengan secretar\u00eda de la mujer, para el desempe\u00f1o de la dirigencia y tambi\u00e9n para llevar adelante m\u00e1s labores de atenci\u00f3n y contenci\u00f3n a los deportistas.<\/p>\n<p>&nbsp;<\/p>\n<p>Luego se entreg\u00f3 el <strong>\u201cCompromiso con el Derecho a la Informaci\u00f3n y la Comunicaci\u00f3n\u201d<\/strong> para <strong>Josefina Bargas<\/strong>, integrante de <strong>Central de Noticias<\/strong>.<\/p>\n<p>&nbsp;<\/p>\n<p><img data-recalc-dims=\"1\" loading=\"lazy\" decoding=\"async\" class=\"alignnone size-full wp-image-15731\" src=\"https:\/\/i0.wp.com\/cdnoticias.com\/wp-content\/uploads\/2021\/03\/Josefina-Bargas.jpeg?resize=800%2C450&#038;ssl=1\" alt=\"\" width=\"800\" height=\"450\" srcset=\"https:\/\/i0.wp.com\/cdnoticias.com\/wp-content\/uploads\/2021\/03\/Josefina-Bargas.jpeg?w=1280&amp;ssl=1 1280w, https:\/\/i0.wp.com\/cdnoticias.com\/wp-content\/uploads\/2021\/03\/Josefina-Bargas.jpeg?resize=300%2C169&amp;ssl=1 300w, https:\/\/i0.wp.com\/cdnoticias.com\/wp-content\/uploads\/2021\/03\/Josefina-Bargas.jpeg?resize=768%2C432&amp;ssl=1 768w, https:\/\/i0.wp.com\/cdnoticias.com\/wp-content\/uploads\/2021\/03\/Josefina-Bargas.jpeg?resize=1024%2C576&amp;ssl=1 1024w\" sizes=\"auto, (max-width: 800px) 100vw, 800px\" \/><\/p>\n<p>&nbsp;<\/p>\n<p>Cecilia Krivochen y Germ\u00e1n Aramburu hicieron entrega del reconocimiento. En su discurso resalt\u00f3 el valor de la tarea de los concejales, y luego hizo referencia al compromiso y profesionalismo de los periodistas locales en la cobertura de la pandemia, a pesar de las condiciones laborales deterioradas.<\/p>\n<p>&nbsp;<\/p>\n<p>Por su <strong>\u201cCompromiso con los Derechos Humanos\u201d<\/strong> fue reconocida y destacada en el aplauso <strong>Liliana Cuenca<\/strong>, fundadora de la Asociaci\u00f3n Civil Animate. La concejal Mercedes Land\u00edvar entreg\u00f3 el reconocimiento y destac\u00f3 la predisposici\u00f3n y la capacidad de trabajo de quien incansablemente lucha por los derechos de ni\u00f1os, ni\u00f1as, mujeres y adolescentes v\u00edctimas de delitos sexuales en Olavarr\u00eda.<\/p>\n<p>&nbsp;<\/p>\n<p><img data-recalc-dims=\"1\" loading=\"lazy\" decoding=\"async\" class=\"alignnone size-full wp-image-15738\" src=\"https:\/\/i0.wp.com\/cdnoticias.com\/wp-content\/uploads\/2021\/03\/Animate.jpeg?resize=800%2C450&#038;ssl=1\" alt=\"\" width=\"800\" height=\"450\" srcset=\"https:\/\/i0.wp.com\/cdnoticias.com\/wp-content\/uploads\/2021\/03\/Animate.jpeg?w=1280&amp;ssl=1 1280w, https:\/\/i0.wp.com\/cdnoticias.com\/wp-content\/uploads\/2021\/03\/Animate.jpeg?resize=300%2C169&amp;ssl=1 300w, https:\/\/i0.wp.com\/cdnoticias.com\/wp-content\/uploads\/2021\/03\/Animate.jpeg?resize=768%2C432&amp;ssl=1 768w, https:\/\/i0.wp.com\/cdnoticias.com\/wp-content\/uploads\/2021\/03\/Animate.jpeg?resize=1024%2C576&amp;ssl=1 1024w\" sizes=\"auto, (max-width: 800px) 100vw, 800px\" \/><\/p>\n<p>&nbsp;<\/p>\n<p>Land\u00edvar hizo hincapi\u00e9 en que este acompa\u00f1amiento se brinda desde la escucha y desde el asesoramiento con un equipo de Animate. Desde su origen en 2016, la instituci\u00f3n ha acompa\u00f1ado a m\u00e1s de 250 casos de abuso sexual, de los cuales la mayor\u00eda han sido intrafamiliares.<\/p>\n<p>&nbsp;<\/p>\n<p><strong>Mar\u00eda Elisa Simona<\/strong> fue reconocida por su <strong>\u201cCompromiso con el Desarrollo Socio-comunitario\u201d<\/strong>. Es la directora del Jard\u00edn de infantes N\u00b0915 y desde el a\u00f1o pasado mont\u00f3 un comedor para brindar alimentos los s\u00e1bados a unas 130 personas.<\/p>\n<p>&nbsp;<\/p>\n<p><img data-recalc-dims=\"1\" loading=\"lazy\" decoding=\"async\" class=\"alignnone size-full wp-image-15737\" src=\"https:\/\/i0.wp.com\/cdnoticias.com\/wp-content\/uploads\/2021\/03\/Mar%C3%ADa-Elisa.jpeg?resize=800%2C450&#038;ssl=1\" alt=\"\" width=\"800\" height=\"450\" srcset=\"https:\/\/i0.wp.com\/cdnoticias.com\/wp-content\/uploads\/2021\/03\/Mar%C3%ADa-Elisa.jpeg?w=1280&amp;ssl=1 1280w, https:\/\/i0.wp.com\/cdnoticias.com\/wp-content\/uploads\/2021\/03\/Mar%C3%ADa-Elisa.jpeg?resize=300%2C169&amp;ssl=1 300w, https:\/\/i0.wp.com\/cdnoticias.com\/wp-content\/uploads\/2021\/03\/Mar%C3%ADa-Elisa.jpeg?resize=768%2C432&amp;ssl=1 768w, https:\/\/i0.wp.com\/cdnoticias.com\/wp-content\/uploads\/2021\/03\/Mar%C3%ADa-Elisa.jpeg?resize=1024%2C576&amp;ssl=1 1024w\" sizes=\"auto, (max-width: 800px) 100vw, 800px\" \/><\/p>\n<p>&nbsp;<\/p>\n<p>\u201cDar desde el alma\u201d es un proyecto sostenido con una amiga con quien consiguen donaciones y aporte de personas allegadas. En su discurso al recibir la estatuilla cont\u00f3 el origen de la iniciativa, la importancia de que este tipo de asistencia alimentaria tenga continuidad en el tiempo, la necesidad de visibilizarlo para recibir donaciones y se emocion\u00f3 al subrayar que busca ayudar a los ni\u00f1os que concurren al Jard\u00edn 915 y sus familias.<\/p>\n<p>&nbsp;<\/p>\n<p>Por su <strong>\u201cCompromiso con la Lucha por la Igualdad y Equidad de G\u00e9nero\u201d<\/strong> fue reconocida <strong>Mar\u00eda Rodr\u00edguez<\/strong>, referente de \u201cCasa Popular Valeria\u201d. Tambi\u00e9n fue la concejal Land\u00edvar la encargada de la entrega quien visiblemente emocionada resalt\u00f3 la labor que lleva adelante a diario para brindar asistencia a mujeres en situaciones de violencia de g\u00e9nero y familiar.<\/p>\n<p>&nbsp;<\/p>\n<p><img data-recalc-dims=\"1\" loading=\"lazy\" decoding=\"async\" class=\"alignnone size-full wp-image-15736\" src=\"https:\/\/i0.wp.com\/cdnoticias.com\/wp-content\/uploads\/2021\/03\/Mar%C3%ADa-Rodr%C3%ADguez.jpeg?resize=800%2C450&#038;ssl=1\" alt=\"\" width=\"800\" height=\"450\" srcset=\"https:\/\/i0.wp.com\/cdnoticias.com\/wp-content\/uploads\/2021\/03\/Mar%C3%ADa-Rodr%C3%ADguez.jpeg?w=1280&amp;ssl=1 1280w, https:\/\/i0.wp.com\/cdnoticias.com\/wp-content\/uploads\/2021\/03\/Mar%C3%ADa-Rodr%C3%ADguez.jpeg?resize=300%2C169&amp;ssl=1 300w, https:\/\/i0.wp.com\/cdnoticias.com\/wp-content\/uploads\/2021\/03\/Mar%C3%ADa-Rodr%C3%ADguez.jpeg?resize=768%2C432&amp;ssl=1 768w, https:\/\/i0.wp.com\/cdnoticias.com\/wp-content\/uploads\/2021\/03\/Mar%C3%ADa-Rodr%C3%ADguez.jpeg?resize=1024%2C576&amp;ssl=1 1024w\" sizes=\"auto, (max-width: 800px) 100vw, 800px\" \/><\/p>\n<p>&nbsp;<\/p>\n<p>Mar\u00eda Rodr\u00edguez agradeci\u00f3 a su familia y equipo de trabajo de Casa Valeria, adem\u00e1s de destacar que ha crecido la violencia y la vulnerabilidad de las mujeres, \u201chay muchas mujeres en situaci\u00f3n de calle con sus ni\u00f1es\u201d dijo.<\/p>\n<p>&nbsp;<\/p>\n<p>Pidi\u00f3 tener \u201cuna relaci\u00f3n con el Ejecutivo municipal\u201d para mejorar las intervenciones, en t\u00e9rminos de la necesidad de brindar contenci\u00f3n, asistencia y conseguir empleo para las mujeres que recurren a Casa Valeria.<\/p>\n<p>&nbsp;<\/p>\n<p><strong>Mar\u00eda Hayd\u00e9e Peralta<\/strong> fue reconocida por su <strong>\u201cCompromiso con la Vida Acad\u00e9mica, la Ciencia y la Tecnolog\u00eda\u201d<\/strong>. Es ingeniera en construcciones e ingeniera civil, desempe\u00f1a actividades docentes desde 1986 e investigadora.<\/p>\n<p>&nbsp;<\/p>\n<p><img data-recalc-dims=\"1\" loading=\"lazy\" decoding=\"async\" class=\"alignnone size-full wp-image-15734\" src=\"https:\/\/i0.wp.com\/cdnoticias.com\/wp-content\/uploads\/2021\/03\/Mar%C3%ADa-Peralta.jpeg?resize=800%2C450&#038;ssl=1\" alt=\"\" width=\"800\" height=\"450\" srcset=\"https:\/\/i0.wp.com\/cdnoticias.com\/wp-content\/uploads\/2021\/03\/Mar%C3%ADa-Peralta.jpeg?w=1280&amp;ssl=1 1280w, https:\/\/i0.wp.com\/cdnoticias.com\/wp-content\/uploads\/2021\/03\/Mar%C3%ADa-Peralta.jpeg?resize=300%2C169&amp;ssl=1 300w, https:\/\/i0.wp.com\/cdnoticias.com\/wp-content\/uploads\/2021\/03\/Mar%C3%ADa-Peralta.jpeg?resize=768%2C432&amp;ssl=1 768w, https:\/\/i0.wp.com\/cdnoticias.com\/wp-content\/uploads\/2021\/03\/Mar%C3%ADa-Peralta.jpeg?resize=1024%2C576&amp;ssl=1 1024w\" sizes=\"auto, (max-width: 800px) 100vw, 800px\" \/><\/p>\n<p>&nbsp;<\/p>\n<p>La concejal Cecilia Krivochen entreg\u00f3 el reconocimiento y valor\u00f3 la importancia de Mar\u00eda Hayd\u00e9e en la pol\u00edtica y gesti\u00f3n universitaria en Olavarr\u00eda desde la Facultad de Ingenier\u00eda, as\u00ed como su valor para la formaci\u00f3n y el desempe\u00f1o profesional de las mujeres en la ingenier\u00eda.<\/p>\n<p>&nbsp;<\/p>\n<p>Luego Peralta resalt\u00f3 al valor de la educaci\u00f3n para cambiar las vidas de las personas y lo se\u00f1al\u00f3 como el impulso a partir del cual lleva adelante los proyectos de apoyo a estudiantes, graduados y empresas, que terminan en relaci\u00f3n con toda la comunidad.<\/p>\n<p>&nbsp;<\/p>\n<p>Por su <strong>\u201cCompromiso con la Empresa y el Comercio\u201d<\/strong> <strong>Pamela Videla<\/strong> recibi\u00f3 el reconocimiento. Adem\u00e1s de comerciante y empresaria, es referente de \u201cComerciantes Unidos Olavarr\u00eda\u201d. La concejal Victoria De Bellis, quien entreg\u00f3 la estatuilla, destac\u00f3 la importancia de la donaci\u00f3n de camillas que Pamela y su familia otorgaron al Hospital Municipal el a\u00f1o pasado en el marco del contexto sanitario.<\/p>\n<p>&nbsp;<\/p>\n<p><img data-recalc-dims=\"1\" loading=\"lazy\" decoding=\"async\" class=\"alignnone size-full wp-image-15735\" src=\"https:\/\/i0.wp.com\/cdnoticias.com\/wp-content\/uploads\/2021\/03\/Pamela-Videla.jpeg?resize=800%2C450&#038;ssl=1\" alt=\"\" width=\"800\" height=\"450\" srcset=\"https:\/\/i0.wp.com\/cdnoticias.com\/wp-content\/uploads\/2021\/03\/Pamela-Videla.jpeg?w=1280&amp;ssl=1 1280w, https:\/\/i0.wp.com\/cdnoticias.com\/wp-content\/uploads\/2021\/03\/Pamela-Videla.jpeg?resize=300%2C169&amp;ssl=1 300w, https:\/\/i0.wp.com\/cdnoticias.com\/wp-content\/uploads\/2021\/03\/Pamela-Videla.jpeg?resize=768%2C432&amp;ssl=1 768w, https:\/\/i0.wp.com\/cdnoticias.com\/wp-content\/uploads\/2021\/03\/Pamela-Videla.jpeg?resize=1024%2C576&amp;ssl=1 1024w\" sizes=\"auto, (max-width: 800px) 100vw, 800px\" \/><\/p>\n<p>&nbsp;<\/p>\n<p>\u201cEl rol que asumen muchas mujeres de mirar m\u00e1s all\u00e1\u201d defini\u00f3 la concejal al entregar el reconocimiento a la empresaria quien por su lado tuvo en cuenta que 2020 fue un a\u00f1o notablemente complicado para el sector comercial local y en ese marco fue importante contar con Comerciantes Unidos para mantener el contacto entre pares.<\/p>\n<p>&nbsp;<\/p>\n<p>En cuanto al reconocimiento por el <strong>\u201cCompromiso con La Educaci\u00f3n\u201d<\/strong> la docente de la escuela de Iturregui, Escuela n\u00b040 \u201cPaula Albarrac\u00edn de Sarmiento\u201d, <strong>Rosana Boccagni<\/strong> fue la destacada, quien este a\u00f1o cumple 25 a\u00f1os de docencia.<\/p>\n<p>&nbsp;<\/p>\n<p><img data-recalc-dims=\"1\" loading=\"lazy\" decoding=\"async\" class=\"alignnone size-full wp-image-15741\" src=\"https:\/\/i0.wp.com\/cdnoticias.com\/wp-content\/uploads\/2021\/03\/Boccagni.jpeg?resize=800%2C450&#038;ssl=1\" alt=\"\" width=\"800\" height=\"450\" srcset=\"https:\/\/i0.wp.com\/cdnoticias.com\/wp-content\/uploads\/2021\/03\/Boccagni.jpeg?w=1280&amp;ssl=1 1280w, https:\/\/i0.wp.com\/cdnoticias.com\/wp-content\/uploads\/2021\/03\/Boccagni.jpeg?resize=300%2C169&amp;ssl=1 300w, https:\/\/i0.wp.com\/cdnoticias.com\/wp-content\/uploads\/2021\/03\/Boccagni.jpeg?resize=768%2C432&amp;ssl=1 768w, https:\/\/i0.wp.com\/cdnoticias.com\/wp-content\/uploads\/2021\/03\/Boccagni.jpeg?resize=1024%2C576&amp;ssl=1 1024w\" sizes=\"auto, (max-width: 800px) 100vw, 800px\" \/><\/p>\n<p>&nbsp;<\/p>\n<p>Ella habitualmente vive en la escuela durante la semana y en su discurso cont\u00f3 c\u00f3mo se arregl\u00f3 el a\u00f1o pasado para sostener la continuidad pedag\u00f3gica y el contacto con la escuela a pesar de desempe\u00f1arse en un medio rural en el que no es posible la virtualidad.<\/p>\n<p>&nbsp;<\/p>\n<p>A su vez, solicit\u00f3 ante el Concejo ayuda para pintar la escuela, ya que ha conseguido los materiales pero ahora requiere la mano de obra para hacerlo.<\/p>\n<p>&nbsp;<\/p>\n<p>Uno de los reconocimientos que tambi\u00e9n fue muy aplaudido fue el de la m\u00e9dica e infect\u00f3loga <strong>Marina Grand<\/strong> por su <strong>\u201cCompromiso con La Salud\u201d<\/strong>. Alicia Almada destac\u00f3 que la intenci\u00f3n es premiar a todo el personal de salud de la Municipalidad mientras que Cecilia Krivochen apunt\u00f3 a la importancia del trabajo en equipo del \u00e1rea para afrontar el a\u00f1o pasado.<\/p>\n<p>&nbsp;<\/p>\n<p><img data-recalc-dims=\"1\" loading=\"lazy\" decoding=\"async\" class=\"alignnone size-full wp-image-15733\" src=\"https:\/\/i0.wp.com\/cdnoticias.com\/wp-content\/uploads\/2021\/03\/Marina-Grand.jpeg?resize=800%2C450&#038;ssl=1\" alt=\"\" width=\"800\" height=\"450\" srcset=\"https:\/\/i0.wp.com\/cdnoticias.com\/wp-content\/uploads\/2021\/03\/Marina-Grand.jpeg?w=1280&amp;ssl=1 1280w, https:\/\/i0.wp.com\/cdnoticias.com\/wp-content\/uploads\/2021\/03\/Marina-Grand.jpeg?resize=300%2C169&amp;ssl=1 300w, https:\/\/i0.wp.com\/cdnoticias.com\/wp-content\/uploads\/2021\/03\/Marina-Grand.jpeg?resize=768%2C432&amp;ssl=1 768w, https:\/\/i0.wp.com\/cdnoticias.com\/wp-content\/uploads\/2021\/03\/Marina-Grand.jpeg?resize=1024%2C576&amp;ssl=1 1024w\" sizes=\"auto, (max-width: 800px) 100vw, 800px\" \/><\/p>\n<p>&nbsp;<\/p>\n<p>Marina Grand, en ese mismo sentido, se refiri\u00f3 al esforzado trabajo de sus colegas y compa\u00f1eros en todos los centros de salud del distrito.<\/p>\n<p>&nbsp;<\/p>\n<p>Por \u00faltimo fue reconocida <strong>Susana Alonso<\/strong> por su <strong>\u201cCompromiso con la Funci\u00f3n P\u00fablica\u201d<\/strong>. La concejal De Bellis entreg\u00f3 la estatuilla y repas\u00f3 su desempe\u00f1o en distintas \u00e1reas como consejera escolar, secretaria del Concejo Deliberante, secretaria de la Unidad Fiscal N\u00b0 4 hasta que en 1999 fue designada Adjunta de Agente Fiscal del Departamento Judicial de Azul y all\u00ed continu\u00f3 su carrera hasta 2020 cuando se jubil\u00f3.<\/p>\n<p>&nbsp;<\/p>\n<p><img data-recalc-dims=\"1\" loading=\"lazy\" decoding=\"async\" class=\"alignnone size-full wp-image-15732\" src=\"https:\/\/i0.wp.com\/cdnoticias.com\/wp-content\/uploads\/2021\/03\/Susana-Alonso.jpeg?resize=800%2C450&#038;ssl=1\" alt=\"\" width=\"800\" height=\"450\" srcset=\"https:\/\/i0.wp.com\/cdnoticias.com\/wp-content\/uploads\/2021\/03\/Susana-Alonso.jpeg?w=1280&amp;ssl=1 1280w, https:\/\/i0.wp.com\/cdnoticias.com\/wp-content\/uploads\/2021\/03\/Susana-Alonso.jpeg?resize=300%2C169&amp;ssl=1 300w, https:\/\/i0.wp.com\/cdnoticias.com\/wp-content\/uploads\/2021\/03\/Susana-Alonso.jpeg?resize=768%2C432&amp;ssl=1 768w, https:\/\/i0.wp.com\/cdnoticias.com\/wp-content\/uploads\/2021\/03\/Susana-Alonso.jpeg?resize=1024%2C576&amp;ssl=1 1024w\" sizes=\"auto, (max-width: 800px) 100vw, 800px\" \/><\/p>\n<p>&nbsp;<\/p>\n<p>Alonso destac\u00f3 la importancia de \u201cllevar luz\u201d a cada lugar en el que se desempe\u00f1\u00f3 e hizo especial hincapi\u00e9 en la necesidad de intervenci\u00f3n y asistencia ante los casos de violencia de g\u00e9nero y familia.<\/p>\n","protected":false},"excerpt":{"rendered":"<p>Se concret\u00f3 en la ma\u00f1ana de este martes. Las mujeres de Olavarr\u00eda que sumaron compromiso a labores sociales y profesionales<\/p>\n","protected":false},"author":4,"featured_media":15742,"comment_status":"closed","ping_status":"closed","sticky":false,"template":"","format":"standard","meta":{"_jetpack_memberships_contains_paid_content":false,"footnotes":""},"categories":[3,1],"tags":[],"class_list":["post-15721","post","type-post","status-publish","format-standard","has-post-thumbnail","hentry","category-genero","category-portada"],"jetpack_featured_media_url":"https:\/\/i0.wp.com\/cdnoticias.com\/wp-content\/uploads\/2021\/03\/Maribel-Garc%C3%ADa.jpeg?fit=1280%2C720&ssl=1","jetpack_sharing_enabled":true,"_links":{"self":[{"href":"https:\/\/cdnoticias.com\/index.php\/wp-json\/wp\/v2\/posts\/15721","targetHints":{"allow":["GET"]}}],"collection":[{"href":"https:\/\/cdnoticias.com\/index.php\/wp-json\/wp\/v2\/posts"}],"about":[{"href":"https:\/\/cdnoticias.com\/index.php\/wp-json\/wp\/v2\/types\/post"}],"author":[{"embeddable":true,"href":"https:\/\/cdnoticias.com\/index.php\/wp-json\/wp\/v2\/users\/4"}],"replies":[{"embeddable":true,"href":"https:\/\/cdnoticias.com\/index.php\/wp-json\/wp\/v2\/comments?post=15721"}],"version-history":[{"count":0,"href":"https:\/\/cdnoticias.com\/index.php\/wp-json\/wp\/v2\/posts\/15721\/revisions"}],"wp:featuredmedia":[{"embeddable":true,"href":"https:\/\/cdnoticias.com\/index.php\/wp-json\/wp\/v2\/media\/15742"}],"wp:attachment":[{"href":"https:\/\/cdnoticias.com\/index.php\/wp-json\/wp\/v2\/media?parent=15721"}],"wp:term":[{"taxonomy":"category","embeddable":true,"href":"https:\/\/cdnoticias.com\/index.php\/wp-json\/wp\/v2\/categories?post=15721"},{"taxonomy":"post_tag","embeddable":true,"href":"https:\/\/cdnoticias.com\/index.php\/wp-json\/wp\/v2\/tags?post=15721"}],"curies":[{"name":"wp","href":"https:\/\/api.w.org\/{rel}","templated":true}]}}