{"id":15719,"date":"2021-03-09T20:48:20","date_gmt":"2021-03-09T23:48:20","guid":{"rendered":"http:\/\/www.centraldenoticias.com.ar\/?p=15719"},"modified":"2021-03-09T20:48:20","modified_gmt":"2021-03-09T23:48:20","slug":"suman-70-las-victimas-de-femicidio-en-lo-que-va-del-2021","status":"publish","type":"post","link":"https:\/\/cdnoticias.com\/index.php\/2021\/03\/09\/suman-70-las-victimas-de-femicidio-en-lo-que-va-del-2021\/","title":{"rendered":"Suman 70 las v\u00edctimas de femicidio en lo que va del 2021"},"content":{"rendered":"<p>El dato corresponde a Mujeres de la Matria Latinoamericana (MuMaL\u00e1). Desde Barrios de Pie en el Movimiento Libres del Sur exigen declarar la Emergencia Nacional en Violencias de G\u00e9nero.<!--more--><\/p>\n<hr \/>\n<p>Desde <strong>Mujeres de la Matria Latinoamericana (MuMaL\u00e1) Barrios de Pie en el Movimiento Libres del Sur,<\/strong> emitieron un comunicado en el que dan cuenta de la situaci\u00f3n nacional respecto a las distintas violencias de g\u00e9nero.<\/p>\n<p>&nbsp;<\/p>\n<p>Seg\u00fan datos de MuMaL\u00e1, <strong>s\u00f3lo en los primeros meses del 2021 se registraron 70 v\u00edctimas por femicidio<\/strong> <em>\u201cy lo peor es conocer que ellas intentaron realizar y utilizar todas las herramientas que la Naci\u00f3n debati\u00f3 entre toda la dirigencia gobernante y dise\u00f1\u00f3 procedimientos con sus oferentes, pero las peticiones previas de las v\u00edctimas fueron insuficientes, desatendidas o simplemente incumplidas\u201d.<\/em><\/p>\n<p>&nbsp;<\/p>\n<p>Detallaron que el <strong>Ministerio de Mujeres, G\u00e9nero y Diversidad<\/strong>, fue constituido el 10 de diciembre de 2019, y que <em>\u201cpara el a\u00f1o 2020 el \u00d3rgano a nivel nacional tuvo una <strong>partida presupuestaria de 545.485.382 millones de pesos, de los cuales 384.426.492 fueron para cubrir el salario de 70 trabajadores<\/strong> que es la suma de cargos que van desde directoras, secretarias, subsecretar\u00edas hasta coordinadoras, achicando a menos del 50 % el monto asignado\u201d.<\/em><\/p>\n<p>&nbsp;<\/p>\n<p>Esto seg\u00fan denunciaron, <em>\u201cimpacta en las <strong>pol\u00edticas p\u00fablicas inexistentes<\/strong>, ya que adem\u00e1s de este recorte, la valuaci\u00f3n restante contin\u00faa a la baja, ya que luego, el presupuesto, es dividido entre las 23 provincias, y luego estas, vuelven a reducir seg\u00fan cada municipio\u201d.<\/em><\/p>\n<p>&nbsp;<\/p>\n<p><em>\u201cCada una de las 70 \u00e1reas deber\u00edan dise\u00f1ar, evaluar y ejecutar pol\u00edticas p\u00fablicas nacionales con el fin de prevenir, erradicar y reparar acciones violentas por motivos de g\u00e9nero, adem\u00e1s de asistir a quien se exprese c\u00f3mo v\u00edctima de estos hechos durante todo el proceso, que inicia al momento de la denuncia, con el fin de <strong>evitar el peor de los desenlaces, que es la conversi\u00f3n de caso de violencia de g\u00e9nero a femicidio<\/strong>\u201d<\/em>, agregaron.<\/p>\n<p>&nbsp;<\/p>\n<p><strong>\u201cEl d\u00eda que no est\u00e9, rompan todo\u201d<\/strong><\/p>\n<p>&nbsp;<\/p>\n<p>Desde la agrupaci\u00f3n expresaron el dolor y la irritaci\u00f3n que genera la frase de <strong>\u00darsula Bahillo<\/strong>, <em>\u201cv\u00edctima de un femicida y de un Estado ausente, que nos interpela en su desesperaci\u00f3n dici\u00e9ndonos, \u201cEL DIA QUE NO EST\u00c9, ROMPAN TODO\u201d, se nos vuelve carne en las entra\u00f1as hoy que f\u00edsicamente ya no la vemos\u201d.<\/em><\/p>\n<p>&nbsp;<\/p>\n<blockquote><p>En ese sentido, aseguraron que quienes cumplen funciones en \u201c\u00e1reas tan sensibles\u201d no estar\u00edan \u201csuficientemente capacitadas\u201d para ocupar esos cargos. Adem\u00e1s, resaltaron un \u201cuso partidario de esa cartera\u201d.<\/p><\/blockquote>\n<p>&nbsp;<\/p>\n<p>Continuaron con dureza: <em>\u201cQuienes ostentan los cargos, mayormente fueron parte de la lucha \u201cNI UNA MENOS\u201d, pero pareciera ser, que hoy, su salario y afinidad pol\u00edtica obnubila un horizonte promisorio para preservar la vida de cada una de las mujeres argentinas\u201d.<\/em><\/p>\n<p>&nbsp;<\/p>\n<p><em>\u201cSugerimos al gobierno Nacional, que predique con el ejemplo para que a nivel provincial y municipal la<strong> lucha contra la violencia de g\u00e9nero sea una pol\u00edtica p\u00fablica de Estado<\/strong>, con herramientas a implementar en forma URGENTE<\/em>\u201d, afirmaron.<\/p>\n<p>&nbsp;<\/p>\n<p>Concluyeron expresando que <em>\u201cMuMal\u00e1 es Barrios de Pie en el Movimiento Libres del Sur, y como actor@s sociales y pol\u00edtic@s, reflexionamos, y objetivamente profesamos la igualdad de derechos para todas y todos\u201d.<\/em><\/p>\n","protected":false},"excerpt":{"rendered":"<p>El dato corresponde a Mujeres de la Matria Latinoamericana (MuMaL\u00e1). Desde Barrios de Pie en el Movimiento Libres del Sur<\/p>\n","protected":false},"author":5,"featured_media":15675,"comment_status":"closed","ping_status":"closed","sticky":false,"template":"","format":"standard","meta":{"_jetpack_memberships_contains_paid_content":false,"footnotes":""},"categories":[6,1],"tags":[],"class_list":["post-15719","post","type-post","status-publish","format-standard","has-post-thumbnail","hentry","category-nacionales","category-portada"],"jetpack_featured_media_url":"https:\/\/i0.wp.com\/cdnoticias.com\/wp-content\/uploads\/2021\/03\/8M15.jpg?fit=800%2C445&ssl=1","jetpack_sharing_enabled":true,"_links":{"self":[{"href":"https:\/\/cdnoticias.com\/index.php\/wp-json\/wp\/v2\/posts\/15719","targetHints":{"allow":["GET"]}}],"collection":[{"href":"https:\/\/cdnoticias.com\/index.php\/wp-json\/wp\/v2\/posts"}],"about":[{"href":"https:\/\/cdnoticias.com\/index.php\/wp-json\/wp\/v2\/types\/post"}],"author":[{"embeddable":true,"href":"https:\/\/cdnoticias.com\/index.php\/wp-json\/wp\/v2\/users\/5"}],"replies":[{"embeddable":true,"href":"https:\/\/cdnoticias.com\/index.php\/wp-json\/wp\/v2\/comments?post=15719"}],"version-history":[{"count":0,"href":"https:\/\/cdnoticias.com\/index.php\/wp-json\/wp\/v2\/posts\/15719\/revisions"}],"wp:featuredmedia":[{"embeddable":true,"href":"https:\/\/cdnoticias.com\/index.php\/wp-json\/wp\/v2\/media\/15675"}],"wp:attachment":[{"href":"https:\/\/cdnoticias.com\/index.php\/wp-json\/wp\/v2\/media?parent=15719"}],"wp:term":[{"taxonomy":"category","embeddable":true,"href":"https:\/\/cdnoticias.com\/index.php\/wp-json\/wp\/v2\/categories?post=15719"},{"taxonomy":"post_tag","embeddable":true,"href":"https:\/\/cdnoticias.com\/index.php\/wp-json\/wp\/v2\/tags?post=15719"}],"curies":[{"name":"wp","href":"https:\/\/api.w.org\/{rel}","templated":true}]}}