{"id":15702,"date":"2021-03-09T20:50:18","date_gmt":"2021-03-09T23:50:18","guid":{"rendered":"http:\/\/www.centraldenoticias.com.ar\/?p=15702"},"modified":"2021-03-10T08:48:06","modified_gmt":"2021-03-10T11:48:06","slug":"alquileres-de-la-teoria-del-congelamiento-a-la-practica-de-los-aumentos","status":"publish","type":"post","link":"https:\/\/cdnoticias.com\/index.php\/2021\/03\/09\/alquileres-de-la-teoria-del-congelamiento-a-la-practica-de-los-aumentos\/","title":{"rendered":"Alquileres: de la teor\u00eda del congelamiento a la pr\u00e1ctica de los aumentos"},"content":{"rendered":"<p>Un decreto presidencial de pandemia obligaba a no aumentar costos, pero la realidad indica otra cosa. C\u00f3mo se negocian los precios para subsistir, tanto due\u00f1os como inquilinos.<!--more--><\/p>\n<hr \/>\n<p><strong><em>(Agencia Comunica &#8211; Facso)<\/em><\/strong><\/p>\n<p>La norma presidencial escrita en un decreto establece el <strong>congelamiento de los alquileres y la suspensi\u00f3n de desalojos hasta el 31 de marzo.<\/strong> La \u00faltima parte se cumple, la primera no tanto. \u00bfPor qu\u00e9? Porque la realidad indica que<strong> con la inflaci\u00f3n en alza, los aumentos de alquileres se negocian entre due\u00f1o e inquilino<\/strong> y, en caso de que no suba, es solo por el momento.<strong> Los aumentos existen<\/strong> y se estiran hacia adelante, generando una deuda y estableciendo un plan de pagos.<\/p>\n<p>&nbsp;<\/p>\n<p>Es que el Gobierno nacional decidi\u00f3 extender hasta el 31 de marzo pr\u00f3ximo el congelamiento de los alquileres y la suspensi\u00f3n de los desalojos. La medida, tomada en los primeros meses de la pandemia y que venc\u00eda el 31 de enero, comprende a los inmuebles destinados a vivienda \u00fanica y que se encuentren ocupados. Ahora se extendi\u00f3 al 31 de marzo.<\/p>\n<p>&nbsp;<\/p>\n<p><strong><em>\u201cCongelado no est\u00e1 nada\u201d,<\/em><\/strong> dispar\u00f3 <strong>Roberto Corso<\/strong>, desde su Inmobiliaria. <em>\u201cCuando se vence el contrato, tratamos de llegar a un arreglo\u201d<\/em> que en general ha llegado a un 30%.<\/p>\n<p>&nbsp;<\/p>\n<p>Desde su local de venta y alquileres,<strong> Marcelo Villar concuerda<\/strong>: <em>\u201cen realidad lo que se hace es financiar la diferencia de precio. Lo que sucede es que la gente acuerda, no te pueden desalojar, pero cuando se levante el decreto hay que solucionar la pr\u00f3rroga de la deuda del aumento. Lo que sucede es que en dos a\u00f1os quedan desfasados los montos\u201d<\/em> debido a la inflaci\u00f3n.<\/p>\n<p>&nbsp;<\/p>\n<p><img data-recalc-dims=\"1\" loading=\"lazy\" decoding=\"async\" class=\"alignnone size-full wp-image-15704\" src=\"https:\/\/i0.wp.com\/cdnoticias.com\/wp-content\/uploads\/2021\/03\/alqui2.jpg?resize=800%2C533&#038;ssl=1\" alt=\"\" width=\"800\" height=\"533\" srcset=\"https:\/\/i0.wp.com\/cdnoticias.com\/wp-content\/uploads\/2021\/03\/alqui2.jpg?w=1280&amp;ssl=1 1280w, https:\/\/i0.wp.com\/cdnoticias.com\/wp-content\/uploads\/2021\/03\/alqui2.jpg?resize=300%2C200&amp;ssl=1 300w, https:\/\/i0.wp.com\/cdnoticias.com\/wp-content\/uploads\/2021\/03\/alqui2.jpg?resize=768%2C512&amp;ssl=1 768w, https:\/\/i0.wp.com\/cdnoticias.com\/wp-content\/uploads\/2021\/03\/alqui2.jpg?resize=1024%2C682&amp;ssl=1 1024w, https:\/\/i0.wp.com\/cdnoticias.com\/wp-content\/uploads\/2021\/03\/alqui2.jpg?resize=272%2C182&amp;ssl=1 272w\" sizes=\"auto, (max-width: 800px) 100vw, 800px\" \/><\/p>\n<p>&nbsp;<\/p>\n<p><strong>Melisa Schawb<\/strong> explic\u00f3 que <em>&#8220;en los contratos, los incrementos ya est\u00e1n pactados, no se pueden congelar&#8221;<\/em>, por tal motivo en base a la resoluci\u00f3n 320\/20 <em>&#8220;a todos los inquilinos que ten\u00edan aumento, se les di\u00f3 a conocer y el 97% de nuestros inquilinos aceptaron y pagaron los incrementos que correspond\u00edan&#8221;.<\/em><\/p>\n<p>&nbsp;<\/p>\n<p>Desde su experiencia cont\u00f3 que la situaci\u00f3n de alquileres se vio modificada ya que <em>&#8220;hubo inquilinos, por ejemplo estudiantes, que por la pandemia se volvieron a sus ciudades pero igualmente siguieron pagando los alquileres. No nos pas\u00f3 que los inquilinos dejen los departamentos por no poder pagarlos&#8221;<\/em> y agreg\u00f3 que<em> &#8220;los alquileres se mantuvieron, tanto en zonas c\u00e9ntricas como en otras zonas de la ciudad&#8221;.<\/em><\/p>\n<p>&nbsp;<\/p>\n<p>El primer <strong>decreto -320\/2020-<\/strong> fue publicado en el Bolet\u00edn Oficial el 11 de marzo de 2020, antes incluso de que se decretaran las medidas de aislamiento, con vencimiento previsto para el 30 de septiembre.<\/p>\n<p>&nbsp;<\/p>\n<p>Antes de que opere el final de ese plazo, a trav\u00e9s del<strong> decreto 766\/2020<\/strong>, el Poder Ejecutivo nuevamente prorrog\u00f3 el vencimiento, en este caso hasta el 31 de enero. Ahora el Gobierno oficializ\u00f3 nuevamente la decisi\u00f3n de extenderlo hasta el 31 de marzo pr\u00f3ximo.<\/p>\n<p>&nbsp;<\/p>\n<p><img data-recalc-dims=\"1\" loading=\"lazy\" decoding=\"async\" class=\"alignnone size-full wp-image-15703\" src=\"https:\/\/i0.wp.com\/cdnoticias.com\/wp-content\/uploads\/2021\/03\/alqui1.jpg?resize=800%2C533&#038;ssl=1\" alt=\"\" width=\"800\" height=\"533\" srcset=\"https:\/\/i0.wp.com\/cdnoticias.com\/wp-content\/uploads\/2021\/03\/alqui1.jpg?w=1280&amp;ssl=1 1280w, https:\/\/i0.wp.com\/cdnoticias.com\/wp-content\/uploads\/2021\/03\/alqui1.jpg?resize=300%2C200&amp;ssl=1 300w, https:\/\/i0.wp.com\/cdnoticias.com\/wp-content\/uploads\/2021\/03\/alqui1.jpg?resize=768%2C512&amp;ssl=1 768w, https:\/\/i0.wp.com\/cdnoticias.com\/wp-content\/uploads\/2021\/03\/alqui1.jpg?resize=1024%2C682&amp;ssl=1 1024w, https:\/\/i0.wp.com\/cdnoticias.com\/wp-content\/uploads\/2021\/03\/alqui1.jpg?resize=272%2C182&amp;ssl=1 272w\" sizes=\"auto, (max-width: 800px) 100vw, 800px\" \/><\/p>\n<p>&nbsp;<\/p>\n<p>Desde<strong> inmobiliaria Vaccaro<\/strong> detallaron que <em>\u201cen pandemia, la mayor\u00eda de los que ten\u00edan aumentos se congelaron, hubo alguno que se subieron pero siempre fuimos acordando y viendo en cada caso en particular son muy poquitos los inquilinos que mantienen el congelamiento de precios\u201d.<\/em><\/p>\n<p>&nbsp;<\/p>\n<p>Desde este negocio sostuvieron que<em> \u201cnosotros lo que le planteamos a nuestros inquilinos que llegan los vencimientos, por ah\u00ed no se renuevan y despu\u00e9s queda una deuda bastante importante por pagar. No solo es el aumento del alquiler sino las cuotas de lo adeudado anteriormente por el decreto\u201d.<\/em> <strong>Cada inquilino, de acuerdo a sus posibilidades, fue respondiendo a la situaci\u00f3n planteada por la inmobiliaria.<\/strong><\/p>\n<p>&nbsp;<\/p>\n<p>Adem\u00e1s, agregaron que <em>\u201ctuvimos algunos departamentos que se nos entregaron porque con la pandemia se les complico bastante para abonar y muchos de los inquilinos prefirieron entregar las llaves y no acumular deudas\u201d.<\/em><\/p>\n<p>&nbsp;<\/p>\n<p>\u00bfC\u00f3mo se traduce eso en la pr\u00e1ctica?<strong><em> \u201cNo se puede desalojar, pero el tema es que la gente tampoco act\u00faa mal. El di\u00e1logo es la base de todo\u201d<\/em><\/strong>, subraya Corso.<\/p>\n<p>&nbsp;<\/p>\n<p><strong>Locales comerciales, otra historia<\/strong><\/p>\n<p>&nbsp;<\/p>\n<p>Las inmobiliarias consultadas por Agencia Comunica coincidieron en otro aspecto de los alquileres: en el caso de los locales comerciales la situaci\u00f3n es diferente.<strong> La pandemia profundiz\u00f3 la crisis econ\u00f3mica y dej\u00f3 locales cerrados y vac\u00edos.<\/strong><em> \u201cLos comerciantes fueron arreglando de otra forma\u201d<\/em>, define <strong>Marcelo Villar<\/strong>. <em>\u201cSi no se facturaba por la pandemia, si estaban cerrados, entonces se acordaba entre due\u00f1o e inquilino pagar la mitad durante algunos meses, o directamente no cobrar el alquiler por un mes\u201d.<\/em><\/p>\n<p>&nbsp;<\/p>\n<p>El resultado resulta l\u00f3gico si se tiene en cuenta que a la crisis econ\u00f3mica previa se le sum\u00f3 el efecto del cierre por Covid. <em>\u201cEso pas\u00f3 en todos lados\u201d<\/em>, explica Roberto Corso. <em>\u201cSi alguien cobra un alquiler a una persona que no est\u00e1 trabajando porque lo obligan a cerrar su negocio, es obvio que se va a ir, no va a pagar nada y no va a venir nadie a alquilar ese local tampoco. No conviene a nadie. <strong>Y han quedado muchos negocios cerrados<\/strong>\u201d.<\/em><\/p>\n<p>&nbsp;<\/p>\n<p><img data-recalc-dims=\"1\" loading=\"lazy\" decoding=\"async\" class=\"alignnone size-full wp-image-15705\" src=\"https:\/\/i0.wp.com\/cdnoticias.com\/wp-content\/uploads\/2021\/03\/alqui3.jpg?resize=800%2C533&#038;ssl=1\" alt=\"\" width=\"800\" height=\"533\" srcset=\"https:\/\/i0.wp.com\/cdnoticias.com\/wp-content\/uploads\/2021\/03\/alqui3.jpg?w=1280&amp;ssl=1 1280w, https:\/\/i0.wp.com\/cdnoticias.com\/wp-content\/uploads\/2021\/03\/alqui3.jpg?resize=300%2C200&amp;ssl=1 300w, https:\/\/i0.wp.com\/cdnoticias.com\/wp-content\/uploads\/2021\/03\/alqui3.jpg?resize=768%2C512&amp;ssl=1 768w, https:\/\/i0.wp.com\/cdnoticias.com\/wp-content\/uploads\/2021\/03\/alqui3.jpg?resize=1024%2C682&amp;ssl=1 1024w, https:\/\/i0.wp.com\/cdnoticias.com\/wp-content\/uploads\/2021\/03\/alqui3.jpg?resize=272%2C182&amp;ssl=1 272w\" sizes=\"auto, (max-width: 800px) 100vw, 800px\" \/><\/p>\n<p>&nbsp;<\/p>\n<p><strong>Poca venta<\/strong><\/p>\n<p>&nbsp;<\/p>\n<p>M\u00e1s all\u00e1 de los alquileres, lo que mayormente mueve el negocio inmobiliario con las ventas. Algo que est\u00e1<em> \u201cmuy tranquilo\u201d<\/em>, coincidieron los referentes de las inmobiliarias consultadas. Con 40 a\u00f1os en el rubro, Roberto Corso analiza que <strong><em>\u201cest\u00e1 muy dif\u00edcil. La inflaci\u00f3n sube mucho, al que va a edificar le cuesta much\u00edsimo. Llega un momento que no sab\u00e9s qu\u00e9 es barato y qu\u00e9 es caro\u201d.<\/em><\/strong><\/p>\n<p>&nbsp;<\/p>\n<p>Julio Vaccaro, por su lado, manifest\u00f3 que<em> \u201cdurante el 2020 mantuvimos algunas ventas, porque hay gente que est\u00e1 acostumbrada a viajar y al no poder salir del pa\u00eds invirti\u00f3 ac\u00e1, en propiedades\u201d<\/em>. En lo que respecta a este a\u00f1o<strong> las ventas bajaron debido a la temporada y a que con la apertura del turismo la gente aprovech\u00f3 para viajar.<\/strong><\/p>\n<p>&nbsp;<\/p>\n<p>Marcelo Villar es claro en su definici\u00f3n del panorama: <strong><em>\u201chay muchos carteles y pocas ventas\u201d<\/em><\/strong>. Desde su mirada, las ventas de propiedades <em>\u201ces lo m\u00e1s complicado. Quiz\u00e1s se da m\u00e1s en el caso de algunos terrenos, pero estamos complicados porque no hay cr\u00e9ditos (o exigen requisitos imposibles de llegar) y el precio se maneja en d\u00f3lares. A lo mejor se dan algunas operaciones con departamentos que tienen y entregan como parte de pago, pero en general est\u00e1 muy parado. Por eso los alquileres se hacen enseguida\u201d.<\/em><\/p>\n<p>&nbsp;<\/p>\n<p>En este contexto de poca demanda es que se comprende que los precios de las viviendas hayan decrecido. <em>\u201cHace unos a\u00f1os se vend\u00eda casi una propiedad por dia. ahora hay casas para vender y a pesar de que bajaron en d\u00f3lares hasta un 35%, a\u00fan cuesta\u201d<\/em>, explic\u00f3 Corso. <strong>La realidad no es f\u00e1cil y por eso apuestan al trabajo conjunto entre las inmobiliarias y<em> &#8220;con los clientes&#8221;<\/em>, coincidieron.<\/strong><\/p>\n","protected":false},"excerpt":{"rendered":"<p>Un decreto presidencial de pandemia obligaba a no aumentar costos, pero la realidad indica otra cosa. C\u00f3mo se negocian los<\/p>\n","protected":false},"author":5,"featured_media":15706,"comment_status":"closed","ping_status":"closed","sticky":false,"template":"","format":"standard","meta":{"_jetpack_memberships_contains_paid_content":false,"footnotes":""},"categories":[5,1],"tags":[],"class_list":["post-15702","post","type-post","status-publish","format-standard","has-post-thumbnail","hentry","category-informacion-general","category-portada"],"jetpack_featured_media_url":"https:\/\/i0.wp.com\/cdnoticias.com\/wp-content\/uploads\/2021\/03\/alqui4.jpg?fit=1280%2C852&ssl=1","jetpack_sharing_enabled":true,"_links":{"self":[{"href":"https:\/\/cdnoticias.com\/index.php\/wp-json\/wp\/v2\/posts\/15702","targetHints":{"allow":["GET"]}}],"collection":[{"href":"https:\/\/cdnoticias.com\/index.php\/wp-json\/wp\/v2\/posts"}],"about":[{"href":"https:\/\/cdnoticias.com\/index.php\/wp-json\/wp\/v2\/types\/post"}],"author":[{"embeddable":true,"href":"https:\/\/cdnoticias.com\/index.php\/wp-json\/wp\/v2\/users\/5"}],"replies":[{"embeddable":true,"href":"https:\/\/cdnoticias.com\/index.php\/wp-json\/wp\/v2\/comments?post=15702"}],"version-history":[{"count":0,"href":"https:\/\/cdnoticias.com\/index.php\/wp-json\/wp\/v2\/posts\/15702\/revisions"}],"wp:featuredmedia":[{"embeddable":true,"href":"https:\/\/cdnoticias.com\/index.php\/wp-json\/wp\/v2\/media\/15706"}],"wp:attachment":[{"href":"https:\/\/cdnoticias.com\/index.php\/wp-json\/wp\/v2\/media?parent=15702"}],"wp:term":[{"taxonomy":"category","embeddable":true,"href":"https:\/\/cdnoticias.com\/index.php\/wp-json\/wp\/v2\/categories?post=15702"},{"taxonomy":"post_tag","embeddable":true,"href":"https:\/\/cdnoticias.com\/index.php\/wp-json\/wp\/v2\/tags?post=15702"}],"curies":[{"name":"wp","href":"https:\/\/api.w.org\/{rel}","templated":true}]}}