{"id":15691,"date":"2021-03-09T10:37:42","date_gmt":"2021-03-09T13:37:42","guid":{"rendered":"http:\/\/www.centraldenoticias.com.ar\/?p=15691"},"modified":"2021-04-28T08:16:26","modified_gmt":"2021-04-28T11:16:26","slug":"un-hombre-resulto-con-heridas-en-un-accidente-en-microcentro","status":"publish","type":"post","link":"https:\/\/cdnoticias.com\/index.php\/2021\/03\/09\/un-hombre-resulto-con-heridas-en-un-accidente-en-microcentro\/","title":{"rendered":"Un hombre result\u00f3 con heridas en un accidente en microcentro"},"content":{"rendered":"<p>Fue en la ma\u00f1ana de este martes, en el cruce de San Mart\u00edn y Vicente L\u00f3pez.\u00a0<!--more--><\/p>\n<hr \/>\n<p>Un hombre result\u00f3 con golpes tras ser <strong>impactado por un auto en pleno microcentro, m\u00e1s precisamente en Vicente L\u00f3pez y San Mart\u00edn.<\/strong><\/p>\n<p>&nbsp;<\/p>\n<p>Las causas del accidente por ahora se encuentran en investigaci\u00f3n, pero lo concreto es que<strong> un auto, de marca Peugeot, impact\u00f3 contra un hombre que cruzaba por San Mart\u00edn.<\/strong><\/p>\n<p>&nbsp;<\/p>\n<p><img data-recalc-dims=\"1\" loading=\"lazy\" decoding=\"async\" class=\"alignnone size-full wp-image-15692\" src=\"https:\/\/i0.wp.com\/cdnoticias.com\/wp-content\/uploads\/2021\/03\/accidente-centro.jpg?resize=800%2C600&#038;ssl=1\" alt=\"\" width=\"800\" height=\"600\" srcset=\"https:\/\/i0.wp.com\/cdnoticias.com\/wp-content\/uploads\/2021\/03\/accidente-centro.jpg?w=1152&amp;ssl=1 1152w, https:\/\/i0.wp.com\/cdnoticias.com\/wp-content\/uploads\/2021\/03\/accidente-centro.jpg?resize=300%2C225&amp;ssl=1 300w, https:\/\/i0.wp.com\/cdnoticias.com\/wp-content\/uploads\/2021\/03\/accidente-centro.jpg?resize=768%2C576&amp;ssl=1 768w, https:\/\/i0.wp.com\/cdnoticias.com\/wp-content\/uploads\/2021\/03\/accidente-centro.jpg?resize=1024%2C768&amp;ssl=1 1024w\" sizes=\"auto, (max-width: 800px) 100vw, 800px\" \/><\/p>\n<p>&nbsp;<\/p>\n<p>R\u00e1pidamente, <strong>una ambulancia del SAME traslad\u00f3 al hombre al Hospital Municipal para evaluar sus heridas, que en principio no revestir\u00edan gravedad, solo present\u00f3 golpes.<\/strong><\/p>\n<p>&nbsp;<\/p>\n<p>En paralelo,<strong> Comando de Patrullas trabaja en la zona para reordenar el tr\u00e1nsito<\/strong>, bastante fluido por el horario y la zona de la ciudad.<\/p>\n","protected":false},"excerpt":{"rendered":"<p>Fue en la ma\u00f1ana de este martes, en el cruce de San Mart\u00edn y Vicente L\u00f3pez.\u00a0<\/p>\n","protected":false},"author":2,"featured_media":15693,"comment_status":"closed","ping_status":"closed","sticky":false,"template":"","format":"standard","meta":{"_jetpack_memberships_contains_paid_content":false,"footnotes":""},"categories":[14,1],"tags":[],"class_list":["post-15691","post","type-post","status-publish","format-standard","has-post-thumbnail","hentry","category-policiales","category-portada"],"jetpack_featured_media_url":"https:\/\/i0.wp.com\/cdnoticias.com\/wp-content\/uploads\/2021\/03\/accidente-centro1.jpg?fit=1152%2C864&ssl=1","jetpack_sharing_enabled":true,"_links":{"self":[{"href":"https:\/\/cdnoticias.com\/index.php\/wp-json\/wp\/v2\/posts\/15691","targetHints":{"allow":["GET"]}}],"collection":[{"href":"https:\/\/cdnoticias.com\/index.php\/wp-json\/wp\/v2\/posts"}],"about":[{"href":"https:\/\/cdnoticias.com\/index.php\/wp-json\/wp\/v2\/types\/post"}],"author":[{"embeddable":true,"href":"https:\/\/cdnoticias.com\/index.php\/wp-json\/wp\/v2\/users\/2"}],"replies":[{"embeddable":true,"href":"https:\/\/cdnoticias.com\/index.php\/wp-json\/wp\/v2\/comments?post=15691"}],"version-history":[{"count":0,"href":"https:\/\/cdnoticias.com\/index.php\/wp-json\/wp\/v2\/posts\/15691\/revisions"}],"wp:featuredmedia":[{"embeddable":true,"href":"https:\/\/cdnoticias.com\/index.php\/wp-json\/wp\/v2\/media\/15693"}],"wp:attachment":[{"href":"https:\/\/cdnoticias.com\/index.php\/wp-json\/wp\/v2\/media?parent=15691"}],"wp:term":[{"taxonomy":"category","embeddable":true,"href":"https:\/\/cdnoticias.com\/index.php\/wp-json\/wp\/v2\/categories?post=15691"},{"taxonomy":"post_tag","embeddable":true,"href":"https:\/\/cdnoticias.com\/index.php\/wp-json\/wp\/v2\/tags?post=15691"}],"curies":[{"name":"wp","href":"https:\/\/api.w.org\/{rel}","templated":true}]}}