{"id":15687,"date":"2021-03-09T09:39:32","date_gmt":"2021-03-09T12:39:32","guid":{"rendered":"http:\/\/www.centraldenoticias.com.ar\/?p=15687"},"modified":"2021-03-09T09:39:32","modified_gmt":"2021-03-09T12:39:32","slug":"andrea-coronel-presente-en-el-congreso-de-vecinalistas","status":"publish","type":"post","link":"https:\/\/cdnoticias.com\/index.php\/2021\/03\/09\/andrea-coronel-presente-en-el-congreso-de-vecinalistas\/","title":{"rendered":"Andrea Coronel, presente en el Congreso de \u201cVecinalistas\u201d"},"content":{"rendered":"<p>Se destac\u00f3 su presencia como la \u00fanica mujer que preside un partido vecinal en la Provincia de Buenos Aires. La actividad se desarroll\u00f3 en Necochea.<!--more--><\/p>\n<hr \/>\n<p>El pasado s\u00e1bado se desarroll\u00f3 el primer congreso de \u201cVecinalistas\u201d en la Provincia de Buenos Aires. <strong>Por Olavarr\u00eda, se destac\u00f3 la presencia de Andrea Coronel como la \u00fanica mujer que preside el Partido en un distrito bonaerense.<\/strong><\/p>\n<p>&nbsp;<\/p>\n<p>El Congreso se desarroll\u00f3 en la localidad de Necochea, y participaron varios intendentes: Arturo Rojas (Necochea), Carlos Bevilacqua (Villarino), Sergio Bordoni (Tornquist), Juan Miguel Nosetti (Salliquel\u00f3) y Guillermo Britos (Chivilcoy \u2013 de manera virtual, por cuestiones de salud); Adem\u00e1s participaron los ex jefes comunales Marcelo Skansi (Carmen de Areco) y Gustavo Pulti (Mar del Plata) y los dirigentes Marcelo Fern\u00e1ndez, presidente de la Junta Promotora \u201cVecinalistas\u201d. y el Dr. Juan del Oso.<\/p>\n<p>&nbsp;<\/p>\n<p><img data-recalc-dims=\"1\" loading=\"lazy\" decoding=\"async\" class=\"alignnone size-full wp-image-15688\" src=\"https:\/\/i0.wp.com\/cdnoticias.com\/wp-content\/uploads\/2021\/03\/WhatsApp-Image-2021-03-09-at-08.23.14-1.jpeg?resize=800%2C518&#038;ssl=1\" alt=\"\" width=\"800\" height=\"518\" srcset=\"https:\/\/i0.wp.com\/cdnoticias.com\/wp-content\/uploads\/2021\/03\/WhatsApp-Image-2021-03-09-at-08.23.14-1.jpeg?w=1280&amp;ssl=1 1280w, https:\/\/i0.wp.com\/cdnoticias.com\/wp-content\/uploads\/2021\/03\/WhatsApp-Image-2021-03-09-at-08.23.14-1.jpeg?resize=300%2C194&amp;ssl=1 300w, https:\/\/i0.wp.com\/cdnoticias.com\/wp-content\/uploads\/2021\/03\/WhatsApp-Image-2021-03-09-at-08.23.14-1.jpeg?resize=768%2C497&amp;ssl=1 768w, https:\/\/i0.wp.com\/cdnoticias.com\/wp-content\/uploads\/2021\/03\/WhatsApp-Image-2021-03-09-at-08.23.14-1.jpeg?resize=1024%2C662&amp;ssl=1 1024w\" sizes=\"auto, (max-width: 800px) 100vw, 800px\" \/><\/p>\n<p>&nbsp;<\/p>\n<p><strong>Este fue el primer congreso vecinalista, que tiene representaci\u00f3n de todas las Secciones Electorale<\/strong>s, y all\u00ed se abordaron las problem\u00e1ticas que los y las dirigentes recogieron en cada uno de sus distritos, y<em> \u201cpusieron en agenda el proyecto de boleta \u00fanica en papel, autonom\u00eda municipal y descentralizaci\u00f3n de la administraci\u00f3n provincial\u201d.<\/em><\/p>\n<p>&nbsp;<\/p>\n<p>La lucha, seg\u00fan indicaron, es <em>\u201ccontra las estructuras pol\u00edticas tradicionales. Vamos a trabajar para revertir desigualdades en t\u00e9rminos de recursos y pulir una identidad municipalista. Con este Congreso los Vecinalistas buscamos converger sus esfuerzos y experiencias en una herramienta electoral que les permita competir para tener representaci\u00f3n propia en la Legislatura\u201d.<\/em> Y se\u00f1alaron con contundencia su \u201cplan ambicioso\u201d:<strong><em> \u201cel pr\u00f3ximo gobernador o gobernadora tiene que ser bonaerense y de Vecinalismo\u201d.<\/em><\/strong><\/p>\n<p>&nbsp;<\/p>\n<p><em>\u201cDesde nuestro espacio, nos sentimos muy orgullosos de poder participar de este Congreso, escuchando a los intendentes y dirigentes de cada secci\u00f3n electoral no nos cabe duda que estamos en el camino correcto, con una misma agenda, que es estar cerca del vecino. Tenemos que salir de esta grieta, dejar los blancos o negros, somos todos argentinos, y queremos que a todos nos vaya bien\u201d<\/em>, dijo Andrea Coronel.<\/p>\n","protected":false},"excerpt":{"rendered":"<p>Se destac\u00f3 su presencia como la \u00fanica mujer que preside un partido vecinal en la Provincia de Buenos Aires. La<\/p>\n","protected":false},"author":2,"featured_media":15689,"comment_status":"closed","ping_status":"closed","sticky":false,"template":"","format":"standard","meta":{"_jetpack_memberships_contains_paid_content":false,"footnotes":""},"categories":[4,1],"tags":[],"class_list":["post-15687","post","type-post","status-publish","format-standard","has-post-thumbnail","hentry","category-politica","category-portada"],"jetpack_featured_media_url":"https:\/\/i0.wp.com\/cdnoticias.com\/wp-content\/uploads\/2021\/03\/WhatsApp-Image-2021-03-09-at-08.23.14.jpeg?fit=1280%2C960&ssl=1","jetpack_sharing_enabled":true,"_links":{"self":[{"href":"https:\/\/cdnoticias.com\/index.php\/wp-json\/wp\/v2\/posts\/15687","targetHints":{"allow":["GET"]}}],"collection":[{"href":"https:\/\/cdnoticias.com\/index.php\/wp-json\/wp\/v2\/posts"}],"about":[{"href":"https:\/\/cdnoticias.com\/index.php\/wp-json\/wp\/v2\/types\/post"}],"author":[{"embeddable":true,"href":"https:\/\/cdnoticias.com\/index.php\/wp-json\/wp\/v2\/users\/2"}],"replies":[{"embeddable":true,"href":"https:\/\/cdnoticias.com\/index.php\/wp-json\/wp\/v2\/comments?post=15687"}],"version-history":[{"count":0,"href":"https:\/\/cdnoticias.com\/index.php\/wp-json\/wp\/v2\/posts\/15687\/revisions"}],"wp:featuredmedia":[{"embeddable":true,"href":"https:\/\/cdnoticias.com\/index.php\/wp-json\/wp\/v2\/media\/15689"}],"wp:attachment":[{"href":"https:\/\/cdnoticias.com\/index.php\/wp-json\/wp\/v2\/media?parent=15687"}],"wp:term":[{"taxonomy":"category","embeddable":true,"href":"https:\/\/cdnoticias.com\/index.php\/wp-json\/wp\/v2\/categories?post=15687"},{"taxonomy":"post_tag","embeddable":true,"href":"https:\/\/cdnoticias.com\/index.php\/wp-json\/wp\/v2\/tags?post=15687"}],"curies":[{"name":"wp","href":"https:\/\/api.w.org\/{rel}","templated":true}]}}