{"id":1567,"date":"2020-09-15T09:07:45","date_gmt":"2020-09-15T12:07:45","guid":{"rendered":"http:\/\/www.centraldenoticias.com.ar\/?p=1567"},"modified":"2020-09-15T09:07:45","modified_gmt":"2020-09-15T12:07:45","slug":"comerciantes-unidos-pidio-extender-el-horario-para-los-esenciales","status":"publish","type":"post","link":"https:\/\/cdnoticias.com\/index.php\/2020\/09\/15\/comerciantes-unidos-pidio-extender-el-horario-para-los-esenciales\/","title":{"rendered":"Comerciantes Unidos pidi\u00f3 extender el horario para los \u201cesenciales\u201d"},"content":{"rendered":"<p>La entidad mostr\u00f3 un cambio de postura tras el contacto con Almaceneros Minoristas y elevaron una solicitud al Municipio para llevar el horario l\u00edmite a las 20, con una reserva sobre los hipermercados.<!--more--><\/p>\n<hr \/>\n<p>La agrupaci\u00f3n Comerciantes Unidos dio a conocer una nota que presentaron al Ejecutivo municipal para solicitar la extensi\u00f3n horaria para los comercios de venta de comestibles. En el escrito plantearon una reserva respecto de los hipermercados.<\/p>\n<blockquote><p>\u201cEl pedido se relaciona con la reuni\u00f3n que mantuvimos d\u00edas atr\u00e1s con el vicepresidente de Almaceneros Minoristas, Julio De Felice, en la cual conversamos, entre otras cosas, sobre los horarios comerciales acordando puntos en com\u00fan, como por ejemplo la diferenciaci\u00f3n entre comercios esenciales y no esenciales\u201d plantearon.<\/p><\/blockquote>\n<p>Es que la agrupaci\u00f3n se hab\u00eda manifestado <a href=\"https:\/\/cdnoticias.com\/index.php\/2020\/09\/07\/comerciantes-unidos-el-debate-por-el-horario-comercial-es-clave\/\">en favor del l\u00edmite horario de las 18<\/a> a pocas del anuncio del jefe comunal la semana pasada. De esta manera, <strong>mostraron un cambio en la postura tras el contacto con los almaceneros<\/strong>. En tanto, <a href=\"https:\/\/cdnoticias.com\/index.php\/2020\/09\/13\/desde-este-lunes-sube-el-pan-8-en-olavarria\/\">desde el Centro de Panaderos<\/a> ya se hab\u00eda expuesto un planteo similar a Central de Noticias durante el fin de semana.<\/p>\n<p>A su vez, Comerciantes Unidos se\u00f1al\u00f3 que \u201cen el debate que llevamos adelante con respecto al horario corrido o cortado, hemos trabajado en diferentes propuestas para <strong>lograr un consenso entre todos los rubros<\/strong>\u201d.<\/p>\n<p><strong>El pedido a Galli<\/strong><\/p>\n<p>En la nota al intendente, la agrupaci\u00f3n pidi\u00f3 en detalle <strong>\u201cla apertura de los comercios de alimentos (almacenes, verduler\u00edas, carnicer\u00edas, panader\u00edas, etc) hasta las 20 horas\u201d<\/strong>.<\/p>\n<p>Recordaron que \u201c<strong>hace un tiempo estamos debatiendo los horarios comerciales<\/strong>, buscando argumentos a favor y en contra del horario corrido y el horario cortado\u201d acerca del que establecieron que \u201cdebemos analizarlo por rubros, ya que <strong>es imposible que todos los comercios mantengamos una misma franja horaria<\/strong> que impedir\u00eda que podamos realizar nuestras compras diarias, entre otros motivos\u201d.<\/p>\n<p>A su vez, hicieron un se\u00f1alamiento en nombre de \u201c<strong>evitar la competencia desleal<\/strong> para los comercios locales que no comercializan productos esenciales\u201d. En ese marco, introdujeron si se quiere otro pedido: \u201ces fundamental que los hipermercados cierren las g\u00f3ndolas de esos productos a partir de las 18, continuando con la venta de comestibles hasta las 20\u201d.<\/p>\n","protected":false},"excerpt":{"rendered":"<p>La entidad mostr\u00f3 un cambio de postura tras el contacto con Almaceneros Minoristas y elevaron una solicitud al Municipio para<\/p>\n","protected":false},"author":4,"featured_media":961,"comment_status":"closed","ping_status":"closed","sticky":false,"template":"","format":"standard","meta":{"_jetpack_memberships_contains_paid_content":false,"footnotes":""},"categories":[5,1],"tags":[],"class_list":["post-1567","post","type-post","status-publish","format-standard","has-post-thumbnail","hentry","category-informacion-general","category-portada"],"jetpack_featured_media_url":"https:\/\/i0.wp.com\/cdnoticias.com\/wp-content\/uploads\/2020\/09\/comercios1.jpg?fit=4392%2C2604&ssl=1","jetpack_sharing_enabled":true,"_links":{"self":[{"href":"https:\/\/cdnoticias.com\/index.php\/wp-json\/wp\/v2\/posts\/1567","targetHints":{"allow":["GET"]}}],"collection":[{"href":"https:\/\/cdnoticias.com\/index.php\/wp-json\/wp\/v2\/posts"}],"about":[{"href":"https:\/\/cdnoticias.com\/index.php\/wp-json\/wp\/v2\/types\/post"}],"author":[{"embeddable":true,"href":"https:\/\/cdnoticias.com\/index.php\/wp-json\/wp\/v2\/users\/4"}],"replies":[{"embeddable":true,"href":"https:\/\/cdnoticias.com\/index.php\/wp-json\/wp\/v2\/comments?post=1567"}],"version-history":[{"count":0,"href":"https:\/\/cdnoticias.com\/index.php\/wp-json\/wp\/v2\/posts\/1567\/revisions"}],"wp:featuredmedia":[{"embeddable":true,"href":"https:\/\/cdnoticias.com\/index.php\/wp-json\/wp\/v2\/media\/961"}],"wp:attachment":[{"href":"https:\/\/cdnoticias.com\/index.php\/wp-json\/wp\/v2\/media?parent=1567"}],"wp:term":[{"taxonomy":"category","embeddable":true,"href":"https:\/\/cdnoticias.com\/index.php\/wp-json\/wp\/v2\/categories?post=1567"},{"taxonomy":"post_tag","embeddable":true,"href":"https:\/\/cdnoticias.com\/index.php\/wp-json\/wp\/v2\/tags?post=1567"}],"curies":[{"name":"wp","href":"https:\/\/api.w.org\/{rel}","templated":true}]}}