{"id":15657,"date":"2021-03-08T18:56:33","date_gmt":"2021-03-08T21:56:33","guid":{"rendered":"http:\/\/www.centraldenoticias.com.ar\/?p=15657"},"modified":"2021-03-09T08:12:23","modified_gmt":"2021-03-09T11:12:23","slug":"valerio-eliceo-palacios-q-e-p-d","status":"publish","type":"post","link":"https:\/\/cdnoticias.com\/index.php\/2021\/03\/08\/valerio-eliceo-palacios-q-e-p-d\/","title":{"rendered":"Valerio Eliceo Palacios (Q.E.P.D.)"},"content":{"rendered":"<p>Falleci\u00f3 en Olavarr\u00eda el 7 de marzo a los 76 a\u00f1os de edad. Sus hijos: Beatriz Susana, Marta Alejandra y Fabian Humberto Palacios; sus hijos pol\u00edticos: Osvaldo Cortondo, Manuel Alvarez y Karina Martinoia; su hermano: Enrique Palacios; su hermana pol\u00edtica: Emilce Romero; sus nietos, bisnietos y dem\u00e1s deudos participan su fallecimiento.<\/p>\n<p>&nbsp;<\/p>\n<p>Sus restos ser\u00e1n velados en Espa\u00f1a 2942 departamento &#8220;D&#8221; (la sala se habilita \u00e9ste martes 9 de marzo a las 8:30) y ser\u00e1n inhumados a las 10:00 en el cementerio Loma de Paz, previo responso en la Capilla Ardiente. Vecino de Barrio Pueblo Nuevo. Nacido en Olavarr\u00eda. Jubilado y Pensionado.<\/p>\n<p>&nbsp;<\/p>\n<p>Vecino de Barrio Pueblo Nuevo.\u00a0Nacido en Olavarr\u00eda.\u00a0Jubilado transportista y pensionado.<\/p>\n","protected":false},"excerpt":{"rendered":"<p>Falleci\u00f3 en Olavarr\u00eda el 7 de marzo a los 76 a\u00f1os de edad. Sus hijos: Beatriz Susana, Marta Alejandra y<\/p>\n","protected":false},"author":5,"featured_media":0,"comment_status":"closed","ping_status":"closed","sticky":false,"template":"","format":"standard","meta":{"_jetpack_memberships_contains_paid_content":false,"footnotes":""},"categories":[10],"tags":[],"class_list":["post-15657","post","type-post","status-publish","format-standard","hentry","category-necrologicas"],"jetpack_featured_media_url":"","jetpack_sharing_enabled":true,"_links":{"self":[{"href":"https:\/\/cdnoticias.com\/index.php\/wp-json\/wp\/v2\/posts\/15657","targetHints":{"allow":["GET"]}}],"collection":[{"href":"https:\/\/cdnoticias.com\/index.php\/wp-json\/wp\/v2\/posts"}],"about":[{"href":"https:\/\/cdnoticias.com\/index.php\/wp-json\/wp\/v2\/types\/post"}],"author":[{"embeddable":true,"href":"https:\/\/cdnoticias.com\/index.php\/wp-json\/wp\/v2\/users\/5"}],"replies":[{"embeddable":true,"href":"https:\/\/cdnoticias.com\/index.php\/wp-json\/wp\/v2\/comments?post=15657"}],"version-history":[{"count":0,"href":"https:\/\/cdnoticias.com\/index.php\/wp-json\/wp\/v2\/posts\/15657\/revisions"}],"wp:attachment":[{"href":"https:\/\/cdnoticias.com\/index.php\/wp-json\/wp\/v2\/media?parent=15657"}],"wp:term":[{"taxonomy":"category","embeddable":true,"href":"https:\/\/cdnoticias.com\/index.php\/wp-json\/wp\/v2\/categories?post=15657"},{"taxonomy":"post_tag","embeddable":true,"href":"https:\/\/cdnoticias.com\/index.php\/wp-json\/wp\/v2\/tags?post=15657"}],"curies":[{"name":"wp","href":"https:\/\/api.w.org\/{rel}","templated":true}]}}