{"id":15655,"date":"2021-03-08T18:55:03","date_gmt":"2021-03-08T21:55:03","guid":{"rendered":"http:\/\/www.centraldenoticias.com.ar\/?p=15655"},"modified":"2021-03-09T08:15:27","modified_gmt":"2021-03-09T11:15:27","slug":"abraham-molina-cerda-chile-q-e-p-d","status":"publish","type":"post","link":"https:\/\/cdnoticias.com\/index.php\/2021\/03\/08\/abraham-molina-cerda-chile-q-e-p-d\/","title":{"rendered":"Abraham Molina Cerda &#8220;Chile&#8221; (Q.E.P.D.)"},"content":{"rendered":"<p>Falleci\u00f3 en Olavarr\u00eda el d\u00eda 8 de marzo de 2021 a los 64 a\u00f1os de edad. Su esposa Martina Gilez. Sus hijos Ver\u00f3nica, Marcela, Juan y Sebasti\u00e1n Molina. Su hija pol\u00edtica Macarena Mart\u00ednez. Sus nietos Johana y Diego Coria. Sus hermanos pol\u00edticos Marta Gilez, Alfredo Rodr\u00edguez, \u00c1ngel Gilez y Mar\u00eda Rosa Gorosito. Sus sobrinos y dem\u00e1s deudos participan su fallecimiento.<\/p>\n<p>Velatorio: Espa\u00f1a 2942 departamento \u201cB\u201d. La sala se habilita este martes 9 de marzo a las 13:30 horas. Responso: Capilla Ardiente. Inhumaci\u00f3n: Cementerio Loma de Paz, martes 9 de marzo a las 15:30 Horas. Servicio adherido a Coopelectric.<\/p>\n<p>Vecino de Barrio Sarmiento.<\/p>\n<p>Nacido en Chile.<\/p>\n<p>Oficial Alba\u00f1il.<\/p>\n","protected":false},"excerpt":{"rendered":"<p>Falleci\u00f3 en Olavarr\u00eda el d\u00eda 8 de marzo de 2021 a los 64 a\u00f1os de edad. Su esposa Martina Gilez.<\/p>\n","protected":false},"author":3,"featured_media":0,"comment_status":"closed","ping_status":"closed","sticky":false,"template":"","format":"standard","meta":{"_jetpack_memberships_contains_paid_content":false,"footnotes":""},"categories":[10],"tags":[],"class_list":["post-15655","post","type-post","status-publish","format-standard","hentry","category-necrologicas"],"jetpack_featured_media_url":"","jetpack_sharing_enabled":true,"_links":{"self":[{"href":"https:\/\/cdnoticias.com\/index.php\/wp-json\/wp\/v2\/posts\/15655","targetHints":{"allow":["GET"]}}],"collection":[{"href":"https:\/\/cdnoticias.com\/index.php\/wp-json\/wp\/v2\/posts"}],"about":[{"href":"https:\/\/cdnoticias.com\/index.php\/wp-json\/wp\/v2\/types\/post"}],"author":[{"embeddable":true,"href":"https:\/\/cdnoticias.com\/index.php\/wp-json\/wp\/v2\/users\/3"}],"replies":[{"embeddable":true,"href":"https:\/\/cdnoticias.com\/index.php\/wp-json\/wp\/v2\/comments?post=15655"}],"version-history":[{"count":0,"href":"https:\/\/cdnoticias.com\/index.php\/wp-json\/wp\/v2\/posts\/15655\/revisions"}],"wp:attachment":[{"href":"https:\/\/cdnoticias.com\/index.php\/wp-json\/wp\/v2\/media?parent=15655"}],"wp:term":[{"taxonomy":"category","embeddable":true,"href":"https:\/\/cdnoticias.com\/index.php\/wp-json\/wp\/v2\/categories?post=15655"},{"taxonomy":"post_tag","embeddable":true,"href":"https:\/\/cdnoticias.com\/index.php\/wp-json\/wp\/v2\/tags?post=15655"}],"curies":[{"name":"wp","href":"https:\/\/api.w.org\/{rel}","templated":true}]}}