{"id":15638,"date":"2021-03-08T18:19:44","date_gmt":"2021-03-08T21:19:44","guid":{"rendered":"http:\/\/www.centraldenoticias.com.ar\/?p=15638"},"modified":"2021-03-08T19:36:32","modified_gmt":"2021-03-08T22:36:32","slug":"vergel-las-mujeres-no-estamos-para-llenar-mesas-ni-completar-listas","status":"publish","type":"post","link":"https:\/\/cdnoticias.com\/index.php\/2021\/03\/08\/vergel-las-mujeres-no-estamos-para-llenar-mesas-ni-completar-listas\/","title":{"rendered":"Vergel: \u201cLas mujeres no estamos para llenar mesas ni completar listas\u201d"},"content":{"rendered":"<p>As\u00ed lo expres\u00f3 la candidata a vicepresidenta al Comit\u00e9 local de la UCR por la Lista 114. Habl\u00f3 con Central de Noticias sobre el rol de la mujer en la pol\u00edtica e hizo referencia a la realizaci\u00f3n de dos marchas en la ciudad.<!--more--><\/p>\n<hr \/>\n<p>\u201cMujeres Protagonistas\u201d de UCR -integrantes de la Lista 114 Protagonismo Radical- realizaron un homenaje en el puente Florentina G\u00f3mez Miranda en el marco de las actividades propuestas por el 8M. Antes, llevaron adelante una <a href=\"https:\/\/cdnoticias.com\/index.php\/2021\/03\/08\/mujeres-protagonistas-de-ucr-iniciaron-una-colecta-por-el-8m\/\" target=\"_blank\" rel=\"noopener\">colecta de productos de higiene femenina.<\/a><\/p>\n<p>&nbsp;<\/p>\n<p>Durante el encuentro, <strong>se puso en valor la figura de Florentina G\u00f3mez Miranda<\/strong> quien naci\u00f3 en Olavarr\u00eda, fue diputada nacional y realiz\u00f3 un enorme trabajo en el Congreso Nacional buscando la igualdad entre el hombre y la mujer. Fue una gran militante del partido radical, pero por sobre todo una incansable luchadora por los derechos de las mujeres.<\/p>\n<p>&nbsp;<\/p>\n<p><img data-recalc-dims=\"1\" loading=\"lazy\" decoding=\"async\" class=\"alignnone size-full wp-image-15641\" src=\"https:\/\/i0.wp.com\/cdnoticias.com\/wp-content\/uploads\/2021\/03\/8m-mujeresradicales2-114.jpg?resize=800%2C600&#038;ssl=1\" alt=\"\" width=\"800\" height=\"600\" srcset=\"https:\/\/i0.wp.com\/cdnoticias.com\/wp-content\/uploads\/2021\/03\/8m-mujeresradicales2-114.jpg?w=1152&amp;ssl=1 1152w, https:\/\/i0.wp.com\/cdnoticias.com\/wp-content\/uploads\/2021\/03\/8m-mujeresradicales2-114.jpg?resize=300%2C225&amp;ssl=1 300w, https:\/\/i0.wp.com\/cdnoticias.com\/wp-content\/uploads\/2021\/03\/8m-mujeresradicales2-114.jpg?resize=768%2C576&amp;ssl=1 768w, https:\/\/i0.wp.com\/cdnoticias.com\/wp-content\/uploads\/2021\/03\/8m-mujeresradicales2-114.jpg?resize=1024%2C768&amp;ssl=1 1024w\" sizes=\"auto, (max-width: 800px) 100vw, 800px\" \/><\/p>\n<p>&nbsp;<\/p>\n<p><strong>La candidata a vicepresidenta al Comit\u00e9 local de la UCR, Bel\u00e9n Vergel<\/strong> habl\u00f3 con <em>Central de Noticias<\/em> y se\u00f1al\u00f3 que<em> \u201clas mujeres estamos en todos los actos, en las instituciones, en lo cotidiano, en lo p\u00fablico, en lo social. Esto es un acto social y pol\u00edtico\u201d.<\/em><\/p>\n<p>&nbsp;<\/p>\n<p>Afirm\u00f3 como deseo y motor de las acciones el espacio <em>\u201cque de una vez por toda se dejen machismos de lado, que se vea que las mujeres estamos, que <strong>no estamos para llenar mesas ni para completar listas.<\/strong> Estamos siempre, organizadas y preparadas\u201d.<\/em><\/p>\n<p>&nbsp;<\/p>\n<p><img data-recalc-dims=\"1\" loading=\"lazy\" decoding=\"async\" class=\"alignnone size-full wp-image-15639\" src=\"https:\/\/i0.wp.com\/cdnoticias.com\/wp-content\/uploads\/2021\/03\/8m-mujeresradicales4-114.jpg?resize=800%2C600&#038;ssl=1\" alt=\"\" width=\"800\" height=\"600\" srcset=\"https:\/\/i0.wp.com\/cdnoticias.com\/wp-content\/uploads\/2021\/03\/8m-mujeresradicales4-114.jpg?w=1152&amp;ssl=1 1152w, https:\/\/i0.wp.com\/cdnoticias.com\/wp-content\/uploads\/2021\/03\/8m-mujeresradicales4-114.jpg?resize=300%2C225&amp;ssl=1 300w, https:\/\/i0.wp.com\/cdnoticias.com\/wp-content\/uploads\/2021\/03\/8m-mujeresradicales4-114.jpg?resize=768%2C576&amp;ssl=1 768w, https:\/\/i0.wp.com\/cdnoticias.com\/wp-content\/uploads\/2021\/03\/8m-mujeresradicales4-114.jpg?resize=1024%2C768&amp;ssl=1 1024w\" sizes=\"auto, (max-width: 800px) 100vw, 800px\" \/><\/p>\n<p>&nbsp;<\/p>\n<p>Por \u00faltimo, respecto a las dos marchas propuestas (de la Asamblea Feminista y del espacio del Frente de Todos) para esta fecha indic\u00f3 que <strong><em>\u201clo vamos a dejar para que cada una lo decida\u201d<\/em><\/strong> y agreg\u00f3:<em> \u201cha habido muchas cuestiones previas y no queremos que ninguna se vea con el compromiso de tener que participar\u201d.<\/em><\/p>\n","protected":false},"excerpt":{"rendered":"<p>As\u00ed lo expres\u00f3 la candidata a vicepresidenta al Comit\u00e9 local de la UCR por la Lista 114. Habl\u00f3 con Central<\/p>\n","protected":false},"author":5,"featured_media":15642,"comment_status":"closed","ping_status":"closed","sticky":false,"template":"","format":"standard","meta":{"_jetpack_memberships_contains_paid_content":false,"footnotes":""},"categories":[3,1],"tags":[],"class_list":["post-15638","post","type-post","status-publish","format-standard","has-post-thumbnail","hentry","category-genero","category-portada"],"jetpack_featured_media_url":"https:\/\/i0.wp.com\/cdnoticias.com\/wp-content\/uploads\/2021\/03\/8m-mujeresradicales-114.jpg?fit=1068%2C864&ssl=1","jetpack_sharing_enabled":true,"_links":{"self":[{"href":"https:\/\/cdnoticias.com\/index.php\/wp-json\/wp\/v2\/posts\/15638","targetHints":{"allow":["GET"]}}],"collection":[{"href":"https:\/\/cdnoticias.com\/index.php\/wp-json\/wp\/v2\/posts"}],"about":[{"href":"https:\/\/cdnoticias.com\/index.php\/wp-json\/wp\/v2\/types\/post"}],"author":[{"embeddable":true,"href":"https:\/\/cdnoticias.com\/index.php\/wp-json\/wp\/v2\/users\/5"}],"replies":[{"embeddable":true,"href":"https:\/\/cdnoticias.com\/index.php\/wp-json\/wp\/v2\/comments?post=15638"}],"version-history":[{"count":0,"href":"https:\/\/cdnoticias.com\/index.php\/wp-json\/wp\/v2\/posts\/15638\/revisions"}],"wp:featuredmedia":[{"embeddable":true,"href":"https:\/\/cdnoticias.com\/index.php\/wp-json\/wp\/v2\/media\/15642"}],"wp:attachment":[{"href":"https:\/\/cdnoticias.com\/index.php\/wp-json\/wp\/v2\/media?parent=15638"}],"wp:term":[{"taxonomy":"category","embeddable":true,"href":"https:\/\/cdnoticias.com\/index.php\/wp-json\/wp\/v2\/categories?post=15638"},{"taxonomy":"post_tag","embeddable":true,"href":"https:\/\/cdnoticias.com\/index.php\/wp-json\/wp\/v2\/tags?post=15638"}],"curies":[{"name":"wp","href":"https:\/\/api.w.org\/{rel}","templated":true}]}}