{"id":15634,"date":"2021-03-08T17:40:12","date_gmt":"2021-03-08T20:40:12","guid":{"rendered":"http:\/\/www.centraldenoticias.com.ar\/?p=15634"},"modified":"2021-03-08T18:19:55","modified_gmt":"2021-03-08T21:19:55","slug":"comienzo-de-semana-con-27-nuevos-casos-de-covid-19-en-olavarria","status":"publish","type":"post","link":"https:\/\/cdnoticias.com\/index.php\/2021\/03\/08\/comienzo-de-semana-con-27-nuevos-casos-de-covid-19-en-olavarria\/","title":{"rendered":"Comienzo de semana con 27 nuevos casos de Covid-19 en Olavarr\u00eda"},"content":{"rendered":"<p>Se destacan la cantidad de testeos realizados. Hubo 84 descartados y 26 altas m\u00e9dicas. En tanto, 10 personas permanecen internadas en el Hospital Municipal.<!--more--><\/p>\n<hr \/>\n<p>La secretar\u00eda de Salud del Gobierno Municipal inform\u00f3 que este lunes 8 de marzo se registraron <strong>27 nuevos casos<\/strong> de Covid-19 en el partido de Olavarr\u00eda. Adem\u00e1s, <strong>hubo 26 pacientes que recibieron el alta m\u00e9dica y se descartaron 84.<\/strong><\/p>\n<p>&nbsp;<\/p>\n<p><strong>El total de pacientes activos es de 123.<\/strong> Entre los datos aportados, se destaca el n\u00famero de testeos realizados que se sostiene a lo largo del tiempo: <strong>esta vez se efectuaron 111 hisopados<\/strong> (y m\u00e1s de 21.700 desde el comienzo de la pandemia).<\/p>\n<p>&nbsp;<\/p>\n<p><img data-recalc-dims=\"1\" loading=\"lazy\" decoding=\"async\" class=\"alignnone size-full wp-image-15633\" src=\"https:\/\/i0.wp.com\/cdnoticias.com\/wp-content\/uploads\/2021\/03\/parte-4.jpg?resize=800%2C399&#038;ssl=1\" alt=\"\" width=\"800\" height=\"399\" srcset=\"https:\/\/i0.wp.com\/cdnoticias.com\/wp-content\/uploads\/2021\/03\/parte-4.jpg?w=1215&amp;ssl=1 1215w, https:\/\/i0.wp.com\/cdnoticias.com\/wp-content\/uploads\/2021\/03\/parte-4.jpg?resize=300%2C150&amp;ssl=1 300w, https:\/\/i0.wp.com\/cdnoticias.com\/wp-content\/uploads\/2021\/03\/parte-4.jpg?resize=768%2C383&amp;ssl=1 768w, https:\/\/i0.wp.com\/cdnoticias.com\/wp-content\/uploads\/2021\/03\/parte-4.jpg?resize=1024%2C511&amp;ssl=1 1024w\" sizes=\"auto, (max-width: 800px) 100vw, 800px\" \/><\/p>\n<p>&nbsp;<\/p>\n<blockquote><p>Los casos positivos de la jornada corresponden a nexos con positivos anteriores.<\/p><\/blockquote>\n<p>&nbsp;<\/p>\n<p><img data-recalc-dims=\"1\" loading=\"lazy\" decoding=\"async\" class=\"alignnone size-full wp-image-15632\" src=\"https:\/\/i0.wp.com\/cdnoticias.com\/wp-content\/uploads\/2021\/03\/parte02-4.jpg?resize=800%2C436&#038;ssl=1\" alt=\"\" width=\"800\" height=\"436\" srcset=\"https:\/\/i0.wp.com\/cdnoticias.com\/wp-content\/uploads\/2021\/03\/parte02-4.jpg?w=1113&amp;ssl=1 1113w, https:\/\/i0.wp.com\/cdnoticias.com\/wp-content\/uploads\/2021\/03\/parte02-4.jpg?resize=300%2C163&amp;ssl=1 300w, https:\/\/i0.wp.com\/cdnoticias.com\/wp-content\/uploads\/2021\/03\/parte02-4.jpg?resize=768%2C418&amp;ssl=1 768w, https:\/\/i0.wp.com\/cdnoticias.com\/wp-content\/uploads\/2021\/03\/parte02-4.jpg?resize=1024%2C558&amp;ssl=1 1024w\" sizes=\"auto, (max-width: 800px) 100vw, 800px\" \/><\/p>\n<p>&nbsp;<\/p>\n<p>Sobre el estado actual del Hospital Municipal \u201cDr. H\u00e9ctor Cura\u201d, se indic\u00f3 que hay<strong> 4 pacientes en Unidad de Terapia Intensiva y 6 en Cuidados Generales.<\/strong><\/p>\n<p>&nbsp;<\/p>\n<p>En este sentido, desde la Secretar\u00eda de Salud Municipal aseguraron que <strong>el 85% de los casos positivos corresponden a personas con menos de 60 a\u00f1os y el 15% a mayores de 60 a\u00f1os.<\/strong><\/p>\n","protected":false},"excerpt":{"rendered":"<p>Se destacan la cantidad de testeos realizados. Hubo 84 descartados y 26 altas m\u00e9dicas. En tanto, 10 personas permanecen internadas<\/p>\n","protected":false},"author":5,"featured_media":7937,"comment_status":"closed","ping_status":"closed","sticky":false,"template":"","format":"standard","meta":{"_jetpack_memberships_contains_paid_content":false,"footnotes":""},"categories":[5,1],"tags":[],"class_list":["post-15634","post","type-post","status-publish","format-standard","has-post-thumbnail","hentry","category-informacion-general","category-portada"],"jetpack_featured_media_url":"https:\/\/i0.wp.com\/cdnoticias.com\/wp-content\/uploads\/2020\/12\/Salud-Rta-1024x683.jpg?fit=1024%2C683&ssl=1","jetpack_sharing_enabled":true,"_links":{"self":[{"href":"https:\/\/cdnoticias.com\/index.php\/wp-json\/wp\/v2\/posts\/15634","targetHints":{"allow":["GET"]}}],"collection":[{"href":"https:\/\/cdnoticias.com\/index.php\/wp-json\/wp\/v2\/posts"}],"about":[{"href":"https:\/\/cdnoticias.com\/index.php\/wp-json\/wp\/v2\/types\/post"}],"author":[{"embeddable":true,"href":"https:\/\/cdnoticias.com\/index.php\/wp-json\/wp\/v2\/users\/5"}],"replies":[{"embeddable":true,"href":"https:\/\/cdnoticias.com\/index.php\/wp-json\/wp\/v2\/comments?post=15634"}],"version-history":[{"count":0,"href":"https:\/\/cdnoticias.com\/index.php\/wp-json\/wp\/v2\/posts\/15634\/revisions"}],"wp:featuredmedia":[{"embeddable":true,"href":"https:\/\/cdnoticias.com\/index.php\/wp-json\/wp\/v2\/media\/7937"}],"wp:attachment":[{"href":"https:\/\/cdnoticias.com\/index.php\/wp-json\/wp\/v2\/media?parent=15634"}],"wp:term":[{"taxonomy":"category","embeddable":true,"href":"https:\/\/cdnoticias.com\/index.php\/wp-json\/wp\/v2\/categories?post=15634"},{"taxonomy":"post_tag","embeddable":true,"href":"https:\/\/cdnoticias.com\/index.php\/wp-json\/wp\/v2\/tags?post=15634"}],"curies":[{"name":"wp","href":"https:\/\/api.w.org\/{rel}","templated":true}]}}