{"id":15611,"date":"2021-03-08T12:26:32","date_gmt":"2021-03-08T15:26:32","guid":{"rendered":"http:\/\/www.centraldenoticias.com.ar\/?p=15611"},"modified":"2021-03-08T13:54:59","modified_gmt":"2021-03-08T16:54:59","slug":"confirmaron-a-las-galardonadas-de-los-premios-dina-pontoni","status":"publish","type":"post","link":"https:\/\/cdnoticias.com\/index.php\/2021\/03\/08\/confirmaron-a-las-galardonadas-de-los-premios-dina-pontoni\/","title":{"rendered":"Confirmaron a las galardonadas de los premios \u201cDina Pontoni\u201d"},"content":{"rendered":"<p>As\u00ed fue ratificado por la Comisi\u00f3n de G\u00e9nero del Concejo Deliberante. Mar\u00eda Elina Ramos y Casa Popular Valeria, las ganadoras del \u201cDina Pontoni\u201d y \u201cFlorentina G\u00f3mez Miranda\u201d respectivamente.<!--more--><\/p>\n<hr \/>\n<p>En el marco del D\u00eda Internacional de la Mujer, <strong>la Comisi\u00f3n de G\u00e9nero y Diversidad del Honorable Concejo Deliberante de Olavarr\u00eda comunica que se otorgar\u00e1 el Premio anual \u201cDina Pontoni\u201d y \u201cFlorentina G\u00f3mez Miranda\u201d a mujeres de Olavarr\u00eda y sus localidades<\/strong>, a quienes han asumido compromisos con la comunidad durante el 2020.<\/p>\n<p>&nbsp;<\/p>\n<p>Cabe se\u00f1alar que<strong> las distinciones ser\u00e1n entregadas en la Primera Sesi\u00f3n Ordinaria del Honorable Concejo Deliberante<\/strong>, y las galardonadas recibir\u00e1n adem\u00e1s una ayuda econ\u00f3mica de $ 52.000 (pesos cincuenta y dos mil).<\/p>\n<p>&nbsp;<\/p>\n<p>Quien recibir\u00e1 el <strong>Dina Pontoni de 2020 es Mar\u00eda Elina Ramos, referente del Comedor Caritas Felices e integrante del programa Callejeadas<\/strong>, por su acompa\u00f1amiento a cientos de familias, acercando alimentos, medicamentos, vestimenta, elementos necesarios para paliar las necesidades b\u00e1sicas en un contexto de gran vulnerabilidad dado el ASPO. Acompa\u00f1\u00f3 tambi\u00e9n a aquellos pacientes que se encontraban en aislamiento por confirmaci\u00f3n de Covid positivo y requer\u00edan de atenci\u00f3n.<\/p>\n<p>&nbsp;<\/p>\n<p>Adem\u00e1s, su esp\u00edritu inquieto la hizo <strong>participar de varias capacitaciones, sobre todo en lo referido a violencia familiar y de G\u00e9nero, convirti\u00e9ndose en una de las primeras Promotoras territoriales.<\/strong> <em>\u201cPara Marilina o la Colo -como la conocen-, si hay vocaci\u00f3n de servicio, lo imposible no existe\u201d<\/em> indicaron.<\/p>\n<p>&nbsp;<\/p>\n<p><strong>El reconocimiento \u201cFlorentina G\u00f3mez Miranda\u201d ser\u00e1 para Casa Popular Valeria, un espacio socio-comunitario fundado por familiares de v\u00edctimas de femicidios, junto al Movimiento Popular Nuestram\u00e9rica y la Comunidad Ana Bautista Menonita.<\/strong> Trabajan en el acompa\u00f1amiento de mujeres y disidencias que sufren violencia de g\u00e9nero o se encuentran en situaci\u00f3n de vulnerabilidad.<\/p>\n<p>&nbsp;<\/p>\n<p>El espacio fue inaugurado el 15 de febrero de 2019 <strong>en homenaje a Valeria Cazola<\/strong>, mujer olavarriense v\u00edctima de femicidio quien fue asesinada por su pareja en el a\u00f1o 2008. Valeria dej\u00f3 una huella, un legado, una casa que lleva su nombre y sobre todo el esp\u00edritu de lucha por la erradicaci\u00f3n de todo tipo de violencia por razones de g\u00e9nero u orientaci\u00f3n sexual.<\/p>\n<p>&nbsp;<\/p>\n<blockquote><p>Desde Casa Valeria se realiza un acompa\u00f1amiento integral que comienza desde la primera escucha, donde se eval\u00faan las diferentes situaciones y se informa a la v\u00edctima sobre el circuito de denuncia y los dispositivos del estado que acompa\u00f1an las situaciones de violencia.<\/p><\/blockquote>\n<p>&nbsp;<\/p>\n<p>Por otro lado, <strong>se brindan herramientas de contenci\u00f3n para lograr un equilibrio emocional, adquiriendo la confianza necesaria para desarrollarse aut\u00f3nomamente y poder transitar el circuito de la denuncia de una mejor manera.<\/strong> Asimismo, se busca trabajar con lxs hijxs de la v\u00edctima partiendo de talleres recreativos e informativos, dando lugar a la libertad de expresi\u00f3n de los mismos.<\/p>\n<p>&nbsp;<\/p>\n<p>Un rasgo para destacar, es el trabajo en red que se lleva a cabo con el fin de llevar a cabo el seguimiento de dicha problem\u00e1tica, articulando con diferentes organismos estatales y organizaciones civiles. <strong>Entre ellas la Direcci\u00f3n de Pol\u00edticas de G\u00e9nero, Comisaria de la Mujer, Ministerio de Mujeres, Pol\u00edticas de G\u00e9nero y Diversidad Sexual, la Direcci\u00f3n Pol\u00edticas de G\u00e9nero y Diversidad Sexual, el Centro de Formaci\u00f3n Profesional 403 Carlos Alberto Moreno, Consultorio Inclusivo, Organizaci\u00f3n Civil An\u00edmate y diferentes organismos estatales provinciales y nacionales.<\/strong><\/p>\n<p>&nbsp;<\/p>\n<p>En los \u00faltimos dos a\u00f1os de funcionamiento,<strong> desde Casa Valeria, fueron acompa\u00f1adas m\u00e1s de 800 mujeres y disidencias. Tambi\u00e9n se brind\u00f3 refugio a m\u00e1s de 30 personas que se encontraban junto a sus hijxs en situaci\u00f3n de calle y no obtuvieron una soluci\u00f3n habitacional por parte del estado.<\/strong><\/p>\n<p>&nbsp;<\/p>\n<p>Desde Casa Valeria destacan que el trabajo de las organizaciones sociales y espacios de mujeres es fundamental para avanzar hacia la erradicaci\u00f3n de todo tipo de violencia.<\/p>\n","protected":false},"excerpt":{"rendered":"<p>As\u00ed fue ratificado por la Comisi\u00f3n de G\u00e9nero del Concejo Deliberante. Mar\u00eda Elina Ramos y Casa Popular Valeria, las ganadoras<\/p>\n","protected":false},"author":2,"featured_media":13710,"comment_status":"closed","ping_status":"closed","sticky":false,"template":"","format":"standard","meta":{"_jetpack_memberships_contains_paid_content":false,"footnotes":""},"categories":[3,1],"tags":[],"class_list":["post-15611","post","type-post","status-publish","format-standard","has-post-thumbnail","hentry","category-genero","category-portada"],"jetpack_featured_media_url":"https:\/\/i0.wp.com\/cdnoticias.com\/wp-content\/uploads\/2021\/02\/casa-popular-valeria.jpg?fit=1032%2C502&ssl=1","jetpack_sharing_enabled":true,"_links":{"self":[{"href":"https:\/\/cdnoticias.com\/index.php\/wp-json\/wp\/v2\/posts\/15611","targetHints":{"allow":["GET"]}}],"collection":[{"href":"https:\/\/cdnoticias.com\/index.php\/wp-json\/wp\/v2\/posts"}],"about":[{"href":"https:\/\/cdnoticias.com\/index.php\/wp-json\/wp\/v2\/types\/post"}],"author":[{"embeddable":true,"href":"https:\/\/cdnoticias.com\/index.php\/wp-json\/wp\/v2\/users\/2"}],"replies":[{"embeddable":true,"href":"https:\/\/cdnoticias.com\/index.php\/wp-json\/wp\/v2\/comments?post=15611"}],"version-history":[{"count":0,"href":"https:\/\/cdnoticias.com\/index.php\/wp-json\/wp\/v2\/posts\/15611\/revisions"}],"wp:featuredmedia":[{"embeddable":true,"href":"https:\/\/cdnoticias.com\/index.php\/wp-json\/wp\/v2\/media\/13710"}],"wp:attachment":[{"href":"https:\/\/cdnoticias.com\/index.php\/wp-json\/wp\/v2\/media?parent=15611"}],"wp:term":[{"taxonomy":"category","embeddable":true,"href":"https:\/\/cdnoticias.com\/index.php\/wp-json\/wp\/v2\/categories?post=15611"},{"taxonomy":"post_tag","embeddable":true,"href":"https:\/\/cdnoticias.com\/index.php\/wp-json\/wp\/v2\/tags?post=15611"}],"curies":[{"name":"wp","href":"https:\/\/api.w.org\/{rel}","templated":true}]}}