{"id":156069,"date":"2023-06-27T18:19:17","date_gmt":"2023-06-27T21:19:17","guid":{"rendered":"http:\/\/centraldeportes.com.ar\/?p=37863"},"modified":"2023-06-27T18:19:17","modified_gmt":"2023-06-27T21:19:17","slug":"se-reanudo-el-circuito-olavarriense-de-padel","status":"publish","type":"post","link":"https:\/\/cdnoticias.com\/index.php\/2023\/06\/27\/se-reanudo-el-circuito-olavarriense-de-padel\/","title":{"rendered":"Se reanud\u00f3 el circuito olavarriense de p\u00e1del"},"content":{"rendered":"<p>Tras el receso por el \u201cD\u00eda del Padre\u201d, este fin de semana se llev\u00f3 a cabo la quinta fecha del calendario anual 2023 organizado por la Asociaci\u00f3n Civil Olavarriense de P\u00e1del, para las categor\u00edas Impares.<!--more--><\/p>\n<hr \/>\n<p>Seis categor\u00edas y 130 parejas completaron en diversos complejos, la continuidad del calendario.<\/p>\n<p>&nbsp;<\/p>\n<p>Las divisionales que tuvieron acci\u00f3n fueron: Tercera Caballeros (Club De Amigos), Tercera y Cuarta Damas (Sport Arena), Quinta Caballeros (El triunfo), Quinta Damas (Chingoland), S\u00e9ptima Damas (Padeltime) y S\u00e9ptima Caballeros (Las Terrazzas).<\/p>\n<p>&nbsp;<\/p>\n<p>En cuanto a los resultados en Tercera Caballeros fueron campeones Ramiro Iturregui y Joaqu\u00edn Hern\u00e1ndez tras superar en la final a Santiago Barsi y Fabricio Paiz por<br \/>\n3\/6, 6\/1 y 6\/3.<\/p>\n<p>&nbsp;<\/p>\n<p>Por su parte en Tercera y Cuarta Damas se coron\u00f3 la dupla integrada por Evangelina Sancho y Luc\u00eda Evangelina. En la final super\u00f3 a Julieta Pini y Marcela Pellejero por 6\/4 5\/7 y 6\/2.<\/p>\n<p>&nbsp;<\/p>\n<p>Juan Veneciano y Federico Rodr\u00edguez se consagraron en Quinta Caballeros, tras vencer en la final del certamen a Franco Mujica y Sebasti\u00e1n C\u00f3rdoba por 7\/5, 4\/6 y 6\/3. Mientras que en Damas, las mejores fueron Karina Ponce y Soledad Toledo. Las campeonas derrotaron a Marcela Gyarmatti y Silvia Aman por 6\/4 y 7\/5.<\/p>\n<p>&nbsp;<\/p>\n<p>En S\u00e9ptima se consagr\u00f3 la pareja compuesta por Luis Zarco y Maximiliano Del Valle, quienes en la final derrotaron a Julio Alga\u00f1araz y Franco Jara por 6\/3 &#8211; 4\/6 y 6\/4. Daniela Lalli y Giselle L\u00f3pez obtuvieron el t\u00edtulo en Damas tras superar a Mar\u00eda Silva y Bel\u00e9n V\u00e1zquez por 6\/4 &#8211; 3\/6 y 6\/3.<\/p>\n<p>&nbsp;<\/p>\n<p>La actividad del p\u00e1del local continuar\u00e1 el pr\u00f3ximo fin de semana con la sexta fecha para las categor\u00edas pares.<\/p>\n","protected":false},"excerpt":{"rendered":"<p>Tras el receso por el \u201cD\u00eda del Padre\u201d, este fin de semana se llev\u00f3 a cabo la quinta fecha del<\/p>\n","protected":false},"author":96739694,"featured_media":156070,"comment_status":"closed","ping_status":"closed","sticky":false,"template":"","format":"standard","meta":{"_jetpack_memberships_contains_paid_content":false,"footnotes":""},"categories":[30,1],"tags":[],"class_list":["post-156069","post","type-post","status-publish","format-standard","has-post-thumbnail","hentry","category-polideportivo","category-portada"],"jetpack_featured_media_url":"https:\/\/i0.wp.com\/cdnoticias.com\/wp-content\/uploads\/2023\/06\/IMG-20230626-WA0060-e1687900741424.jpg?fit=1200%2C788&ssl=1","jetpack_sharing_enabled":true,"_links":{"self":[{"href":"https:\/\/cdnoticias.com\/index.php\/wp-json\/wp\/v2\/posts\/156069","targetHints":{"allow":["GET"]}}],"collection":[{"href":"https:\/\/cdnoticias.com\/index.php\/wp-json\/wp\/v2\/posts"}],"about":[{"href":"https:\/\/cdnoticias.com\/index.php\/wp-json\/wp\/v2\/types\/post"}],"author":[{"embeddable":true,"href":"https:\/\/cdnoticias.com\/index.php\/wp-json\/wp\/v2\/users\/96739694"}],"replies":[{"embeddable":true,"href":"https:\/\/cdnoticias.com\/index.php\/wp-json\/wp\/v2\/comments?post=156069"}],"version-history":[{"count":0,"href":"https:\/\/cdnoticias.com\/index.php\/wp-json\/wp\/v2\/posts\/156069\/revisions"}],"wp:featuredmedia":[{"embeddable":true,"href":"https:\/\/cdnoticias.com\/index.php\/wp-json\/wp\/v2\/media\/156070"}],"wp:attachment":[{"href":"https:\/\/cdnoticias.com\/index.php\/wp-json\/wp\/v2\/media?parent=156069"}],"wp:term":[{"taxonomy":"category","embeddable":true,"href":"https:\/\/cdnoticias.com\/index.php\/wp-json\/wp\/v2\/categories?post=156069"},{"taxonomy":"post_tag","embeddable":true,"href":"https:\/\/cdnoticias.com\/index.php\/wp-json\/wp\/v2\/tags?post=156069"}],"curies":[{"name":"wp","href":"https:\/\/api.w.org\/{rel}","templated":true}]}}