{"id":156057,"date":"2023-06-28T15:25:18","date_gmt":"2023-06-28T18:25:18","guid":{"rendered":"http:\/\/centraldeportes.com.ar\/?p=37900"},"modified":"2023-06-28T15:25:18","modified_gmt":"2023-06-28T18:25:18","slug":"olavarrienses-ganaron-una-prueba-participativa-de-rural-bike-ne-bolivar","status":"publish","type":"post","link":"https:\/\/cdnoticias.com\/index.php\/2023\/06\/28\/olavarrienses-ganaron-una-prueba-participativa-de-rural-bike-ne-bolivar\/","title":{"rendered":"Olavarrienses ganaron una prueba participativa de Rural Bike en Bol\u00edvar"},"content":{"rendered":"<p>Con la organizaci\u00f3n de Franco Felice desde la agrupaci\u00f3n Geo Bike, el pasado lunes aprovechando el feriado se disput\u00f3 la anunciada prueba de rural bike por binomios con epicentro en la Escuela N\u00ba 20 y hubo un buen n\u00famero de deportistas de Olavarr\u00eda.<!--more--><\/p>\n<hr \/>\n<p>Se trat\u00f3 de dos competencias, una para la categor\u00eda Promocional (26 km.) y otra Competitiva (52 km.), ambas en la modalidad contrarreloj, por lo que cada equipo larg\u00f3 con un minuto de diferencia respecto del siguiente.<\/p>\n<p>&nbsp;<\/p>\n<p>Un total de 36 binomios aparecen en la clasificaci\u00f3n final de la prueba Competitiva, mientras que otros 24 son los que se inscribieron en la Promocional. Los hubo no s\u00f3lo de nuestra ciudad sino tambi\u00e9n de Olavarr\u00eda, Carlos Casares, General Villegas, Carlos Tejedor, Bragado, Laprida, Pehuaj\u00f3, Mones Caz\u00f3n, Trenque Lauquen, Henderson y Daireaux.<\/p>\n<p>&nbsp;<\/p>\n<p>Los resultados:<\/p>\n<p>Prueba Competitiva:<\/p>\n<p>1\u00ba Ezequiel Cuevas y Mat\u00edas Odiozola, de Bol\u00edvar, con 1h. 39m. 31s.<br \/>\n2\u00ba Jonathan Tugores y Mario Carola, de Bol\u00edvar, a 2m. 25s.<br \/>\n3\u00ba Ariel Alejandro L\u00f3pez y Nicol\u00e1s Zarza, de Henderson y Daireaux, a 3m. 21s.<br \/>\n4\u00ba Lucas Miguel y Miguel Barzola, de Olavarr\u00eda, a 7m. 45s.<br \/>\n5\u00ba Andr\u00e9s Sobarzo y Fernando Andr\u00f3naco, de Olavarr\u00eda, a 8m. 53s.<br \/>\n6\u00ba Carlos Luna y Jos\u00e9 Barrenechea, de Carlos Casares, a 8m. 57s.<br \/>\n7\u00ba Aaron Basso y Javier Sotelo, de Daireaux, a 8m. 59s.<br \/>\n8\u00ba Jos\u00e9 Tomassini y Jorge Rold\u00e1n, de Carlos Casares, a 9m. 04s.<br \/>\n9\u00ba Luis S\u00e1nchez y Alfredo Blanco, de Bol\u00edvar, a 12m. 31s.<br \/>\n10\u00ba Valent\u00edn Rosell\u00f3 y Esteban Far\u00edas, de Carlos Casares a 12m. 38s.<br \/>\n11\u00ba Lucas L\u00f3pez y David Rucker, de Olavarr\u00eda, a 12m. 50s.<\/p>\n<p>&nbsp;<\/p>\n<p>Prueba Promocional:<\/p>\n<p>1\u00ba Javier Bravo y Guillermo Erro, de Olavarr\u00eda, con 1h. 00m. 12s.<br \/>\n2\u00ba Carlos Taborda y Guillermo Canozo, de Olavarr\u00eda, a 1m. 26s.<br \/>\n\u00ba Juan Dandrea y Cristina Gonz\u00e1lez, de Carlos Casares, a 2m. 40s.<br \/>\n4\u00ba Leonardo Mart\u00ednez y Leandro Peinado, de Carlos Casares, a 3m. 33s.<br \/>\n5\u00ba Benicio Llanos y Nazareno Sotelo, de Daireaux, a 4m. 28s.<br \/>\n6\u00ba Eugenio Chiminella y Mat\u00edas Miranda, de Bol\u00edvar, a 5m. 28s.<br \/>\n7\u00ba V\u00edctor Romero y Ezequiel Chazarreta, de Olavarr\u00eda, a 8m. 57s.<br \/>\n8\u00ba Gerardo Santos y Lucas Santos, de Bol\u00edvar, a 9m. 14s.<br \/>\n9\u00aa Adriana Olascoaga y M\u00f3nica Galv\u00e1n, de Bol\u00edvar, a 10m. 48s.<br \/>\n10\u00ba Patricia Gil y Luciano Rodr\u00edguez, a 11m. 55s.<\/p>\n","protected":false},"excerpt":{"rendered":"<p>Con la organizaci\u00f3n de Franco Felice desde la agrupaci\u00f3n Geo Bike, el pasado lunes aprovechando el feriado se disput\u00f3 la<\/p>\n","protected":false},"author":96739694,"featured_media":156058,"comment_status":"closed","ping_status":"closed","sticky":false,"template":"","format":"standard","meta":{"_jetpack_memberships_contains_paid_content":false,"footnotes":""},"categories":[30,1],"tags":[],"class_list":["post-156057","post","type-post","status-publish","format-standard","has-post-thumbnail","hentry","category-polideportivo","category-portada"],"jetpack_featured_media_url":"https:\/\/i0.wp.com\/cdnoticias.com\/wp-content\/uploads\/2023\/06\/WhatsApp-Image-2023-06-28-at-15.02.37.jpeg?fit=1024%2C577&ssl=1","jetpack_sharing_enabled":true,"_links":{"self":[{"href":"https:\/\/cdnoticias.com\/index.php\/wp-json\/wp\/v2\/posts\/156057","targetHints":{"allow":["GET"]}}],"collection":[{"href":"https:\/\/cdnoticias.com\/index.php\/wp-json\/wp\/v2\/posts"}],"about":[{"href":"https:\/\/cdnoticias.com\/index.php\/wp-json\/wp\/v2\/types\/post"}],"author":[{"embeddable":true,"href":"https:\/\/cdnoticias.com\/index.php\/wp-json\/wp\/v2\/users\/96739694"}],"replies":[{"embeddable":true,"href":"https:\/\/cdnoticias.com\/index.php\/wp-json\/wp\/v2\/comments?post=156057"}],"version-history":[{"count":0,"href":"https:\/\/cdnoticias.com\/index.php\/wp-json\/wp\/v2\/posts\/156057\/revisions"}],"wp:featuredmedia":[{"embeddable":true,"href":"https:\/\/cdnoticias.com\/index.php\/wp-json\/wp\/v2\/media\/156058"}],"wp:attachment":[{"href":"https:\/\/cdnoticias.com\/index.php\/wp-json\/wp\/v2\/media?parent=156057"}],"wp:term":[{"taxonomy":"category","embeddable":true,"href":"https:\/\/cdnoticias.com\/index.php\/wp-json\/wp\/v2\/categories?post=156057"},{"taxonomy":"post_tag","embeddable":true,"href":"https:\/\/cdnoticias.com\/index.php\/wp-json\/wp\/v2\/tags?post=156057"}],"curies":[{"name":"wp","href":"https:\/\/api.w.org\/{rel}","templated":true}]}}