{"id":156045,"date":"2023-06-29T20:11:32","date_gmt":"2023-06-29T23:11:32","guid":{"rendered":"http:\/\/centraldeportes.com.ar\/?p=37944"},"modified":"2023-06-29T20:11:32","modified_gmt":"2023-06-29T23:11:32","slug":"liga-federal-formativa-nuevamente-jugaran-en-los-gimnasios-locales","status":"publish","type":"post","link":"https:\/\/cdnoticias.com\/index.php\/2023\/06\/29\/liga-federal-formativa-nuevamente-jugaran-en-los-gimnasios-locales\/","title":{"rendered":"Liga Federal Formativa: nuevamente jugar\u00e1n en los gimnasios locales"},"content":{"rendered":"<p>La Liga Federal Formativa organizada por la Regi\u00f3n CAB 4, volver\u00e1 a tener acci\u00f3n el pr\u00f3ximo fin de semana en Olavarr\u00eda. Jugar\u00e1n en el Maxigimnasio y en Sierras Bayas.<!--more--><\/p>\n<hr \/>\n<p>Luego de que el pasado fin de semana debutaran el Regional de Clubes, entre el viernes y el domingo se jugar\u00e1n nuevas categor\u00edas.<\/p>\n<p>&nbsp;<\/p>\n<p>El Torneo que es clasificatorio al Nacional de la Liga Federal tendr\u00e1 acci\u00f3n para la categor\u00eda U17 masculina en el Maxigimnasio del Parque Guerrero con la participaci\u00f3n de Estudiantes y Racing y en el gimnasio de San Mart\u00edn donde jugar\u00e1n U15 femenina, con la locales y Ferro.<\/p>\n<p>&nbsp;<\/p>\n<p>El cronograma:<\/p>\n<p>Viernes:<br \/>\n19:00 hs.: U17 M Estudiantes \u2013 Racing<\/p>\n<p>S\u00e1bado:<\/p>\n<p>En Estudiantes:<br \/>\n12:30 hs.: U17 M 9 de Julio \u2013 Pueyrred\u00f3n<br \/>\n18:00 hs.: U17 M Racing \u2013 9 de Julio<br \/>\n20:00 hs.: U17 M Pueyrred\u00f3n \u2013 Estudiantes<\/p>\n<p>En San Mart\u00edn:<br \/>\n11:00 hs.: U15F Ferro \u2013 Bahiense del Norte<br \/>\n16:00 hs.: U15 F San Mart\u00edn \u2013 Bahiense del Norte<\/p>\n<p>Domingo:<\/p>\n<p>En Estudiantes:<br \/>\n11:00 hs.: U17 M 9 de Julio \u2013 Estudiantes<br \/>\n13:00 hs.: U17 M Racing \u2013 Pueyrred\u00f3n<\/p>\n<p>En San Mart\u00edn:<br \/>\n11:00 hs.: U15 F San Mart\u00edn \u2013 Ferro<\/p>\n","protected":false},"excerpt":{"rendered":"<p>La Liga Federal Formativa organizada por la Regi\u00f3n CAB 4, volver\u00e1 a tener acci\u00f3n el pr\u00f3ximo fin de semana en<\/p>\n","protected":false},"author":96739694,"featured_media":156046,"comment_status":"closed","ping_status":"closed","sticky":false,"template":"","format":"standard","meta":{"_jetpack_memberships_contains_paid_content":false,"footnotes":""},"categories":[31,44,1],"tags":[],"class_list":["post-156045","post","type-post","status-publish","format-standard","has-post-thumbnail","hentry","category-basquet","category-inferiores-basquet","category-portada"],"jetpack_featured_media_url":"https:\/\/i0.wp.com\/cdnoticias.com\/wp-content\/uploads\/2023\/04\/inf-abo-8.jpeg?fit=1280%2C855&ssl=1","jetpack_sharing_enabled":true,"_links":{"self":[{"href":"https:\/\/cdnoticias.com\/index.php\/wp-json\/wp\/v2\/posts\/156045","targetHints":{"allow":["GET"]}}],"collection":[{"href":"https:\/\/cdnoticias.com\/index.php\/wp-json\/wp\/v2\/posts"}],"about":[{"href":"https:\/\/cdnoticias.com\/index.php\/wp-json\/wp\/v2\/types\/post"}],"author":[{"embeddable":true,"href":"https:\/\/cdnoticias.com\/index.php\/wp-json\/wp\/v2\/users\/96739694"}],"replies":[{"embeddable":true,"href":"https:\/\/cdnoticias.com\/index.php\/wp-json\/wp\/v2\/comments?post=156045"}],"version-history":[{"count":0,"href":"https:\/\/cdnoticias.com\/index.php\/wp-json\/wp\/v2\/posts\/156045\/revisions"}],"wp:featuredmedia":[{"embeddable":true,"href":"https:\/\/cdnoticias.com\/index.php\/wp-json\/wp\/v2\/media\/156046"}],"wp:attachment":[{"href":"https:\/\/cdnoticias.com\/index.php\/wp-json\/wp\/v2\/media?parent=156045"}],"wp:term":[{"taxonomy":"category","embeddable":true,"href":"https:\/\/cdnoticias.com\/index.php\/wp-json\/wp\/v2\/categories?post=156045"},{"taxonomy":"post_tag","embeddable":true,"href":"https:\/\/cdnoticias.com\/index.php\/wp-json\/wp\/v2\/tags?post=156045"}],"curies":[{"name":"wp","href":"https:\/\/api.w.org\/{rel}","templated":true}]}}