{"id":156040,"date":"2023-06-30T10:27:19","date_gmt":"2023-06-30T13:27:19","guid":{"rendered":"http:\/\/centraldeportes.com.ar\/?p=37958"},"modified":"2023-06-30T10:27:19","modified_gmt":"2023-06-30T13:27:19","slug":"la-maxiliga-tendra-un-nuevo-campeon-cef-n44-y-luz-y-fuerza-son-finalistas","status":"publish","type":"post","link":"https:\/\/cdnoticias.com\/index.php\/2023\/06\/30\/la-maxiliga-tendra-un-nuevo-campeon-cef-n44-y-luz-y-fuerza-son-finalistas\/","title":{"rendered":"La Maxiliga tendr\u00e1 un nuevo campe\u00f3n: CEF N\u00b044 y Luz y Fuerza son finalistas"},"content":{"rendered":"<p>Este jueves se definieron las Semifinales del Torneo Apertura de Maxiliga y en tercer duelo, Luz y Fuerza avanz\u00f3 a la Final donde ya esperaba el CEF N\u00b044.<!--more--><\/p>\n<hr \/>\n<p>Luz y Fuerza derrot\u00f3, en condici\u00f3n de visitante, 52 a 41 a Racing en el tercer y definitorio duelo de \u201cSemis\u201d y cerr\u00f3 la serie 2 a 1 para clasificar a la Final.<\/p>\n<p>&nbsp;<\/p>\n<p>Previamente, CEF N\u00b044 hab\u00eda logrado cerrar la serie 2 a 0 al vencer a Loma Negra por 68 a 53.<\/p>\n<p>&nbsp;<\/p>\n<p>El primer partido de la definici\u00f3n ser\u00e1 el pr\u00f3ximo domingo en el Maxigimnasio del Parque Guerrero, en esta nueva modalidad impulsada por la Asociaci\u00f3n de B\u00e1squet de Olavarr\u00eda.<\/p>\n<p>&nbsp;<\/p>\n<p>S\u00edntesis Racing \u2013 Luz y Fuerza:<br \/>\nEstadio: Parque Olavarr\u00eda<br \/>\n\u00c1rbitros: Maiola, E., Bourdieu, E y Varela, L.<br \/>\n<strong>Racing (41): Guido (0), Alberdi (2), Larregina (9), Rothliberger (0), Latasa, D. (0) -FI- Bettiga (0), De Felice (2), Ullua (5), Bruno (3), Sentenac (10), Offidani (8), Farias (2). DT- Santiago Navarro<\/strong><br \/>\n<strong>Luz y Fuerza (52): Barreto (0), D\u00edaz, M. (2), Iribe (8), Casilli (0), D\u00edaz, J. (10) -FI- Lasalle (2), Bianchi (4), Moeretti (0), \u00c1lvarez (3), Mart\u00edn (2), Americo (9), Mazzolo (12). DT- Atilio Borzi<\/strong><br \/>\nParciales: 11-12; 25-30; 32-37 y 41-52.<\/p>\n<p>&nbsp;<\/p>\n<p>Los resultados anteriores:<\/p>\n<p>Juego 1:<br \/>\nLoma Negra 51 \u2013 69 CEF N\u00b044<br \/>\nRacing 58 \u2013 62 Luz y Fuerza<br \/>\nJuego 2:<br \/>\nCEF N\u00b044 68 \u2013 53 Loma Negra<br \/>\nLuz y Fuerza 59 \u2013 66 Racing<br \/>\nJuego 3:<br \/>\nRacing 41 \u2013 52 Luz y Fuerza<\/p>\n","protected":false},"excerpt":{"rendered":"<p>Este jueves se definieron las Semifinales del Torneo Apertura de Maxiliga y en tercer duelo, Luz y Fuerza avanz\u00f3 a<\/p>\n","protected":false},"author":96739694,"featured_media":155959,"comment_status":"closed","ping_status":"closed","sticky":false,"template":"","format":"standard","meta":{"_jetpack_memberships_contains_paid_content":false,"footnotes":""},"categories":[31,1,43],"tags":[],"class_list":["post-156040","post","type-post","status-publish","format-standard","has-post-thumbnail","hentry","category-basquet","category-portada","category-primera"],"jetpack_featured_media_url":"https:\/\/i0.wp.com\/cdnoticias.com\/wp-content\/uploads\/2023\/06\/WhatsApp-Image-2023-06-19-at-19.19.12-e1687280184645.jpeg?fit=719%2C442&ssl=1","jetpack_sharing_enabled":true,"_links":{"self":[{"href":"https:\/\/cdnoticias.com\/index.php\/wp-json\/wp\/v2\/posts\/156040","targetHints":{"allow":["GET"]}}],"collection":[{"href":"https:\/\/cdnoticias.com\/index.php\/wp-json\/wp\/v2\/posts"}],"about":[{"href":"https:\/\/cdnoticias.com\/index.php\/wp-json\/wp\/v2\/types\/post"}],"author":[{"embeddable":true,"href":"https:\/\/cdnoticias.com\/index.php\/wp-json\/wp\/v2\/users\/96739694"}],"replies":[{"embeddable":true,"href":"https:\/\/cdnoticias.com\/index.php\/wp-json\/wp\/v2\/comments?post=156040"}],"version-history":[{"count":0,"href":"https:\/\/cdnoticias.com\/index.php\/wp-json\/wp\/v2\/posts\/156040\/revisions"}],"wp:featuredmedia":[{"embeddable":true,"href":"https:\/\/cdnoticias.com\/index.php\/wp-json\/wp\/v2\/media\/155959"}],"wp:attachment":[{"href":"https:\/\/cdnoticias.com\/index.php\/wp-json\/wp\/v2\/media?parent=156040"}],"wp:term":[{"taxonomy":"category","embeddable":true,"href":"https:\/\/cdnoticias.com\/index.php\/wp-json\/wp\/v2\/categories?post=156040"},{"taxonomy":"post_tag","embeddable":true,"href":"https:\/\/cdnoticias.com\/index.php\/wp-json\/wp\/v2\/tags?post=156040"}],"curies":[{"name":"wp","href":"https:\/\/api.w.org\/{rel}","templated":true}]}}