{"id":156027,"date":"2023-06-23T08:36:36","date_gmt":"2023-06-23T11:36:36","guid":{"rendered":"http:\/\/centraldeportes.com.ar\/?p=37649"},"modified":"2023-06-23T08:36:36","modified_gmt":"2023-06-23T11:36:36","slug":"las-inferiores-cerraron-la-fecha-en-loma-negra","status":"publish","type":"post","link":"https:\/\/cdnoticias.com\/index.php\/2023\/06\/23\/las-inferiores-cerraron-la-fecha-en-loma-negra\/","title":{"rendered":"Las Inferiores cerraron la fecha en Loma Negra"},"content":{"rendered":"<p>Con dos duelos enmarcados en el \u201cCl\u00e1sico de las Sierras\u201d, este jueves finaliz\u00f3 la 7\u00b0 fecha del Torneo Apertura.<!--more--><\/p>\n<hr \/>\n<p>El f\u00fatbol menor de Olavarr\u00eda<strong> culmin\u00f3 este jueves por la noche otra fecha del segundo torneo oficial del a\u00f1o<\/strong> gestionado por la Liga de F\u00fatbol de Olavarr\u00eda, que hab\u00eda dado comienzo el pasado s\u00e1bado y tuvo continuidad el lunes.<\/p>\n<p>&nbsp;<\/p>\n<p>Los dos cruces disputados en la cancha central de Loma Negra <strong>enfrentaron a San Mart\u00edn y el \u201cCeleste\u201d de Villa Alfredo Fortabat<\/strong> en Octava y Quinta divisi\u00f3n. <strong>Fue con festejos repartidos<\/strong>.<\/p>\n<p>&nbsp;<\/p>\n<h6><strong>Resultados:<\/strong><\/h6>\n<p>&nbsp;<\/p>\n<p><strong>En Octava<\/strong>:<\/p>\n<p>San Mart\u00edn <strong>0 \u2013 1<\/strong> Loma Negra<\/p>\n<p>&nbsp;<\/p>\n<p><strong>En Quinta:<\/strong><\/p>\n<p>San Mart\u00edn <strong>1 \u2013 0<\/strong> Loma Negra<\/p>\n<p>&nbsp;<\/p>\n<p><em><strong>Foto: Loli Dos Santos.<\/strong><\/em><\/p>\n","protected":false},"excerpt":{"rendered":"<p>Con dos duelos enmarcados en el \u201cCl\u00e1sico de las Sierras\u201d, este jueves finaliz\u00f3 la 7\u00b0 fecha del Torneo Apertura.<\/p>\n","protected":false},"author":96739694,"featured_media":156028,"comment_status":"closed","ping_status":"closed","sticky":false,"template":"","format":"standard","meta":{"_jetpack_memberships_contains_paid_content":false,"footnotes":""},"categories":[35,40,1],"tags":[],"class_list":["post-156027","post","type-post","status-publish","format-standard","has-post-thumbnail","hentry","category-futbol","category-inferiores","category-portada"],"jetpack_featured_media_url":"https:\/\/i0.wp.com\/cdnoticias.com\/wp-content\/uploads\/2023\/06\/San-Mart%C3%ADn-vs-Loma-Negra-Inferiores.jpg?fit=2000%2C1272&ssl=1","jetpack_sharing_enabled":true,"_links":{"self":[{"href":"https:\/\/cdnoticias.com\/index.php\/wp-json\/wp\/v2\/posts\/156027","targetHints":{"allow":["GET"]}}],"collection":[{"href":"https:\/\/cdnoticias.com\/index.php\/wp-json\/wp\/v2\/posts"}],"about":[{"href":"https:\/\/cdnoticias.com\/index.php\/wp-json\/wp\/v2\/types\/post"}],"author":[{"embeddable":true,"href":"https:\/\/cdnoticias.com\/index.php\/wp-json\/wp\/v2\/users\/96739694"}],"replies":[{"embeddable":true,"href":"https:\/\/cdnoticias.com\/index.php\/wp-json\/wp\/v2\/comments?post=156027"}],"version-history":[{"count":0,"href":"https:\/\/cdnoticias.com\/index.php\/wp-json\/wp\/v2\/posts\/156027\/revisions"}],"wp:featuredmedia":[{"embeddable":true,"href":"https:\/\/cdnoticias.com\/index.php\/wp-json\/wp\/v2\/media\/156028"}],"wp:attachment":[{"href":"https:\/\/cdnoticias.com\/index.php\/wp-json\/wp\/v2\/media?parent=156027"}],"wp:term":[{"taxonomy":"category","embeddable":true,"href":"https:\/\/cdnoticias.com\/index.php\/wp-json\/wp\/v2\/categories?post=156027"},{"taxonomy":"post_tag","embeddable":true,"href":"https:\/\/cdnoticias.com\/index.php\/wp-json\/wp\/v2\/tags?post=156027"}],"curies":[{"name":"wp","href":"https:\/\/api.w.org\/{rel}","templated":true}]}}