{"id":156023,"date":"2023-06-23T18:05:11","date_gmt":"2023-06-23T21:05:11","guid":{"rendered":"http:\/\/centraldeportes.com.ar\/?p=37660"},"modified":"2023-06-23T18:05:11","modified_gmt":"2023-06-23T21:05:11","slug":"primera-nacional-el-choque-de-olavarrienses-quedo-para-el-del-dragon","status":"publish","type":"post","link":"https:\/\/cdnoticias.com\/index.php\/2023\/06\/23\/primera-nacional-el-choque-de-olavarrienses-quedo-para-el-del-dragon\/","title":{"rendered":"Primera Nacional: el choque de olavarrienses qued\u00f3 para el del \u201cDrag\u00f3n\u201d"},"content":{"rendered":"<p>El \u00faltimo lunes, la segunda categor\u00eda del f\u00fatbol argentino cerr\u00f3 otra fecha del campeonato y fue con dos presencias locales.<!--more--><\/p>\n<hr \/>\n<p>La <strong>Primera Nacional<\/strong> del f\u00fatbol nacional culmin\u00f3 el pasado lunes la <strong>21\u00b0 fecha de la Zona A<\/strong> donde hubo acci\u00f3n de futbolistas olavarrienses. En paralelo, <strong>el \u00fanico ausente del fin de semana fue Edgardo Maldonado<\/strong> para Agropecuario, en la derrota 2 a 1 del \u201cSojero\u201d a manos de Deportivo Mor\u00f3n.<\/p>\n<p>&nbsp;<\/p>\n<p>Las presencias locales de la jornada fueron las de <strong>Ignacio Pietrobono y Kevin Ceceri<\/strong>, quienes afrontaron el duelo entre s\u00ed en el c\u00e9sped del estadio Juan Pasquale.<\/p>\n<p>&nbsp;<\/p>\n<p><strong>Fue triunfo 2 a 0 para Defensores de Belgrano<\/strong> que adem\u00e1s, cort\u00f3 una racha de cuatro partidos sin sumar de a tres. A su vez, tanto el arquero del \u201cDrag\u00f3n\u201d como el defensor del \u201cCandombero\u201d lograron completar los noventa minutos del cotejo.<\/p>\n<p>&nbsp;<\/p>\n<p><em><strong>Foto: Defensores de Belgrano Oficial.<\/strong><\/em><\/p>\n","protected":false},"excerpt":{"rendered":"<p>El \u00faltimo lunes, la segunda categor\u00eda del f\u00fatbol argentino cerr\u00f3 otra fecha del campeonato y fue con dos presencias locales.<\/p>\n","protected":false},"author":96739694,"featured_media":156024,"comment_status":"closed","ping_status":"closed","sticky":false,"template":"","format":"standard","meta":{"_jetpack_memberships_contains_paid_content":false,"footnotes":""},"categories":[35,37,1],"tags":[],"class_list":["post-156023","post","type-post","status-publish","format-standard","has-post-thumbnail","hentry","category-futbol","category-futbol-profesional","category-portada"],"jetpack_featured_media_url":"https:\/\/i0.wp.com\/cdnoticias.com\/wp-content\/uploads\/2023\/06\/Ignacio-Pietrobono-Defensores-de-Belgrano-21%C2%B0-fecha-e1687559558999.jpg?fit=1904%2C1090&ssl=1","jetpack_sharing_enabled":true,"_links":{"self":[{"href":"https:\/\/cdnoticias.com\/index.php\/wp-json\/wp\/v2\/posts\/156023","targetHints":{"allow":["GET"]}}],"collection":[{"href":"https:\/\/cdnoticias.com\/index.php\/wp-json\/wp\/v2\/posts"}],"about":[{"href":"https:\/\/cdnoticias.com\/index.php\/wp-json\/wp\/v2\/types\/post"}],"author":[{"embeddable":true,"href":"https:\/\/cdnoticias.com\/index.php\/wp-json\/wp\/v2\/users\/96739694"}],"replies":[{"embeddable":true,"href":"https:\/\/cdnoticias.com\/index.php\/wp-json\/wp\/v2\/comments?post=156023"}],"version-history":[{"count":0,"href":"https:\/\/cdnoticias.com\/index.php\/wp-json\/wp\/v2\/posts\/156023\/revisions"}],"wp:featuredmedia":[{"embeddable":true,"href":"https:\/\/cdnoticias.com\/index.php\/wp-json\/wp\/v2\/media\/156024"}],"wp:attachment":[{"href":"https:\/\/cdnoticias.com\/index.php\/wp-json\/wp\/v2\/media?parent=156023"}],"wp:term":[{"taxonomy":"category","embeddable":true,"href":"https:\/\/cdnoticias.com\/index.php\/wp-json\/wp\/v2\/categories?post=156023"},{"taxonomy":"post_tag","embeddable":true,"href":"https:\/\/cdnoticias.com\/index.php\/wp-json\/wp\/v2\/tags?post=156023"}],"curies":[{"name":"wp","href":"https:\/\/api.w.org\/{rel}","templated":true}]}}