{"id":156021,"date":"2023-06-23T18:06:05","date_gmt":"2023-06-23T21:06:05","guid":{"rendered":"http:\/\/centraldeportes.com.ar\/?p=37657"},"modified":"2023-06-23T18:06:05","modified_gmt":"2023-06-23T21:06:05","slug":"chingotto-y-navarro-se-despidieron-del-master-de-valladolid","status":"publish","type":"post","link":"https:\/\/cdnoticias.com\/index.php\/2023\/06\/23\/chingotto-y-navarro-se-despidieron-del-master-de-valladolid\/","title":{"rendered":"Chingotto y Navarro se despidieron del M\u00e1ster de Valladolid"},"content":{"rendered":"<p>Por los cuartos de final del certamen, fue derrota ante la pareja espa\u00f1ola conformada por Alejandro Gal\u00e1n y Jon Sanz. El pr\u00f3ximo destino para \u201cFede\u201d y compa\u00f1\u00eda ser\u00e1 el Open de Valencia.<!--more--><\/p>\n<hr \/>\n<p>En la continuidad del duod\u00e9cimo torneo de la temporada de World P\u00e1del Tour celebrado en el noroeste de Espa\u00f1a, <strong>Federico Chingotto y \u201cPaquito\u201d Navarro<\/strong> no lograron el pasaje a las instancias decisivas del certamen y <strong>finalizaron su participaci\u00f3n en la alfombra de Valladolid<\/strong>.<\/p>\n<p>&nbsp;<\/p>\n<p>Durante la ma\u00f1ana de este viernes (hora argentina), se presentaron en la <strong>Pista Central de la Plaza Mayor<\/strong> y enfrentaron en el 20&#215;10 a una dupla que poco a poco viene encontrando su din\u00e1mica de juego: los espa\u00f1oles <strong>Alejandro Gal\u00e1n y Jon Sanz<\/strong>.<\/p>\n<p>&nbsp;<\/p>\n<p>Fue un partido de altibajos para el jugador de nuestra ciudad y el sevillano. <strong>Comenzaron abajo 7 \u2013 5<\/strong> el primer set con la intenci\u00f3n de recuperarse en el segundo, pero <strong>Gal\u00e1n \u2013 Sanz enseguida lograron quebrar e inclinaron la balanza del partido a su favor para liquidar con un rotundo 6 \u2013 3<\/strong>.<\/p>\n<p>&nbsp;<\/p>\n<p>De esta forma, el camino para \u201cFede\u201d y \u201cPaquito\u201d termin\u00f3 en instancias de cuartos de final y ahora tendr\u00e1n una semana de descanso de cara al pr\u00f3ximo certamen del circuito profesional. <strong>La cita ser\u00e1 el Open de Valencia, que se desarrollar\u00e1 desde el 3 hasta el 9 de julio<\/strong>.<\/p>\n<p>&nbsp;<\/p>\n<p><em><strong>Foto: World Padel Tour.<\/strong><\/em><\/p>\n","protected":false},"excerpt":{"rendered":"<p>Por los cuartos de final del certamen, fue derrota ante la pareja espa\u00f1ola conformada por Alejandro Gal\u00e1n y Jon Sanz.<\/p>\n","protected":false},"author":96739694,"featured_media":156022,"comment_status":"closed","ping_status":"closed","sticky":false,"template":"","format":"standard","meta":{"_jetpack_memberships_contains_paid_content":false,"footnotes":""},"categories":[30,1],"tags":[],"class_list":["post-156021","post","type-post","status-publish","format-standard","has-post-thumbnail","hentry","category-polideportivo","category-portada"],"jetpack_featured_media_url":"https:\/\/i0.wp.com\/cdnoticias.com\/wp-content\/uploads\/2023\/06\/Chingotto-Master-de-Valladolid-cuartos-scaled.jpg?fit=2560%2C1463&ssl=1","jetpack_sharing_enabled":true,"_links":{"self":[{"href":"https:\/\/cdnoticias.com\/index.php\/wp-json\/wp\/v2\/posts\/156021","targetHints":{"allow":["GET"]}}],"collection":[{"href":"https:\/\/cdnoticias.com\/index.php\/wp-json\/wp\/v2\/posts"}],"about":[{"href":"https:\/\/cdnoticias.com\/index.php\/wp-json\/wp\/v2\/types\/post"}],"author":[{"embeddable":true,"href":"https:\/\/cdnoticias.com\/index.php\/wp-json\/wp\/v2\/users\/96739694"}],"replies":[{"embeddable":true,"href":"https:\/\/cdnoticias.com\/index.php\/wp-json\/wp\/v2\/comments?post=156021"}],"version-history":[{"count":0,"href":"https:\/\/cdnoticias.com\/index.php\/wp-json\/wp\/v2\/posts\/156021\/revisions"}],"wp:featuredmedia":[{"embeddable":true,"href":"https:\/\/cdnoticias.com\/index.php\/wp-json\/wp\/v2\/media\/156022"}],"wp:attachment":[{"href":"https:\/\/cdnoticias.com\/index.php\/wp-json\/wp\/v2\/media?parent=156021"}],"wp:term":[{"taxonomy":"category","embeddable":true,"href":"https:\/\/cdnoticias.com\/index.php\/wp-json\/wp\/v2\/categories?post=156021"},{"taxonomy":"post_tag","embeddable":true,"href":"https:\/\/cdnoticias.com\/index.php\/wp-json\/wp\/v2\/tags?post=156021"}],"curies":[{"name":"wp","href":"https:\/\/api.w.org\/{rel}","templated":true}]}}