{"id":15601,"date":"2021-03-08T11:19:12","date_gmt":"2021-03-08T14:19:12","guid":{"rendered":"http:\/\/www.centraldenoticias.com.ar\/?p=15601"},"modified":"2021-03-08T17:54:02","modified_gmt":"2021-03-08T20:54:02","slug":"mujeres-protagonistas-de-ucr-iniciaron-una-colecta-por-el-8m","status":"publish","type":"post","link":"https:\/\/cdnoticias.com\/index.php\/2021\/03\/08\/mujeres-protagonistas-de-ucr-iniciaron-una-colecta-por-el-8m\/","title":{"rendered":"\u201cMujeres Protagonistas\u201d de UCR iniciaron una colecta por el 8M"},"content":{"rendered":"<p>Se realizar\u00e1 hasta las 17 en el Puente Florentina G\u00f3mez Miranda. Re\u00fanen productos de higiene, de cuidado del cuerpo y de gesti\u00f3n menstrual. Se donar\u00e1n a los hogares \u201cSan Jos\u00e9\u201d y Amaya.<!--more--><\/p>\n<hr \/>\n<p><strong>\u201cMujeres Protagonistas\u201d de UCR<\/strong> -integrantes de la Lista 114 Protagonismo Radical- realizan este lunes 8 de Marzo una <strong>colecta de productos de cuidado corporal femenino.<\/strong><\/p>\n<p>&nbsp;<\/p>\n<p>Todo lo recibido ser\u00e1 donados a los <strong>hogares \u201cSan Jos\u00e9\u201d y Amaya<\/strong> de nuestra ciudad.<\/p>\n<p><img data-recalc-dims=\"1\" loading=\"lazy\" decoding=\"async\" class=\"aligncenter wp-image-15604 size-full\" src=\"https:\/\/i0.wp.com\/cdnoticias.com\/wp-content\/uploads\/2021\/03\/colectaUCR01.jpg?resize=800%2C445&#038;ssl=1\" alt=\"\" width=\"800\" height=\"445\" srcset=\"https:\/\/i0.wp.com\/cdnoticias.com\/wp-content\/uploads\/2021\/03\/colectaUCR01.jpg?w=800&amp;ssl=1 800w, https:\/\/i0.wp.com\/cdnoticias.com\/wp-content\/uploads\/2021\/03\/colectaUCR01.jpg?resize=300%2C167&amp;ssl=1 300w, https:\/\/i0.wp.com\/cdnoticias.com\/wp-content\/uploads\/2021\/03\/colectaUCR01.jpg?resize=768%2C427&amp;ssl=1 768w\" sizes=\"auto, (max-width: 800px) 100vw, 800px\" \/><\/p>\n<p>La actividad tiene lugar <strong>entre las 10 y las 17 en Hornos y Brown<\/strong>, en el puente &#8220;Florentina G\u00f3mez Miranda&#8221;.<\/p>\n<p>&nbsp;<\/p>\n<p>Los interesados pueden <strong>acercar donaciones<\/strong> de shampoo y crema de enjuague, caleritas y gomitas para el pelo, curitas, quitaesmalte, talco, desodorante corporal, colonia, perfumes y productos de gesti\u00f3n menstrual.<\/p>\n","protected":false},"excerpt":{"rendered":"<p>Se realizar\u00e1 hasta las 17 en el Puente Florentina G\u00f3mez Miranda. Re\u00fanen productos de higiene, de cuidado del cuerpo y<\/p>\n","protected":false},"author":4,"featured_media":15603,"comment_status":"closed","ping_status":"closed","sticky":false,"template":"","format":"standard","meta":{"_jetpack_memberships_contains_paid_content":false,"footnotes":""},"categories":[3,1],"tags":[],"class_list":["post-15601","post","type-post","status-publish","format-standard","has-post-thumbnail","hentry","category-genero","category-portada"],"jetpack_featured_media_url":"https:\/\/i0.wp.com\/cdnoticias.com\/wp-content\/uploads\/2021\/03\/colectaUCR00.jpg?fit=800%2C445&ssl=1","jetpack_sharing_enabled":true,"_links":{"self":[{"href":"https:\/\/cdnoticias.com\/index.php\/wp-json\/wp\/v2\/posts\/15601","targetHints":{"allow":["GET"]}}],"collection":[{"href":"https:\/\/cdnoticias.com\/index.php\/wp-json\/wp\/v2\/posts"}],"about":[{"href":"https:\/\/cdnoticias.com\/index.php\/wp-json\/wp\/v2\/types\/post"}],"author":[{"embeddable":true,"href":"https:\/\/cdnoticias.com\/index.php\/wp-json\/wp\/v2\/users\/4"}],"replies":[{"embeddable":true,"href":"https:\/\/cdnoticias.com\/index.php\/wp-json\/wp\/v2\/comments?post=15601"}],"version-history":[{"count":0,"href":"https:\/\/cdnoticias.com\/index.php\/wp-json\/wp\/v2\/posts\/15601\/revisions"}],"wp:featuredmedia":[{"embeddable":true,"href":"https:\/\/cdnoticias.com\/index.php\/wp-json\/wp\/v2\/media\/15603"}],"wp:attachment":[{"href":"https:\/\/cdnoticias.com\/index.php\/wp-json\/wp\/v2\/media?parent=15601"}],"wp:term":[{"taxonomy":"category","embeddable":true,"href":"https:\/\/cdnoticias.com\/index.php\/wp-json\/wp\/v2\/categories?post=15601"},{"taxonomy":"post_tag","embeddable":true,"href":"https:\/\/cdnoticias.com\/index.php\/wp-json\/wp\/v2\/tags?post=15601"}],"curies":[{"name":"wp","href":"https:\/\/api.w.org\/{rel}","templated":true}]}}