{"id":155993,"date":"2023-06-25T18:27:09","date_gmt":"2023-06-25T21:27:09","guid":{"rendered":"http:\/\/centraldeportes.com.ar\/?p=37732"},"modified":"2023-06-25T18:27:09","modified_gmt":"2023-06-25T21:27:09","slug":"mike-team-se-quedo-con-la-primera-fecha-de-la-copa-ryder","status":"publish","type":"post","link":"https:\/\/cdnoticias.com\/index.php\/2023\/06\/25\/mike-team-se-quedo-con-la-primera-fecha-de-la-copa-ryder\/","title":{"rendered":"\u201cMike Team\u201d se qued\u00f3 con la primera fecha de la \u201cCopa Ryder\u201d"},"content":{"rendered":"<p>Este domingo en los links albinegros se disput\u00f3 la primera fecha de la anunciada \u201cCopa Ryder\u201d y \u201cMike Team\u201d gan\u00f3 la primera fecha y busca repetir el t\u00edtulo.<!--more--><\/p>\n<hr \/>\n<p>La competencia que se lleva a cabo una fecha al mes y var\u00eda la modalidad tuvo su debut en el 2023 con 9 equipos y 72 jugadores en total y el campe\u00f3n defensor inici\u00f3 de la mejor manera. M\u00e1s atr\u00e1s quedaron \u201cJohnnie Birdie\u201d, \u201cPalo de Fierro\u201d y \u201cLa Bella y La Bestia\u201d.<\/p>\n<p>Los resultados primera fecha:<\/p>\n<p>1\u00b0: \u201cMike Team\u201d con 21 puntos<br \/>\n2\u00b0: \u201cJohnnie Birdie\u201d con 12 puntos<br \/>\n3\u00b0: \u201cPalo de Fierro\u201d con 12 puntos<br \/>\n4\u00b0: \u201cLa Bella y La Bestia\u201d con 12 puntos<br \/>\n5\u00b0: \u201cLa Mecha y 7 m\u00e1s\u201d con 7 puntos<br \/>\n6\u00b0: \u201cLos Orozco\u201d con 5 puntos<br \/>\n7\u00b0: \u201cLa Comarca\u201d con 2 puntos<br \/>\n8\u00b0: \u201cEntrale que ten\u00e9s botines\u201d con 2 puntos<br \/>\n9\u00b0: \u201cMarucha Team\u201d con 2 puntos<\/p>\n<p>Premios Especiales:<br \/>\nApproach:<br \/>\nHoyo 5: Valent\u00edn Drobot<br \/>\nHoyo 7: Leo Gelso<br \/>\nHoyo 11: Pachi Gonz\u00e1lez<br \/>\nHoyo 16: Alberto Duarte<br \/>\nBest Drive: Benjam\u00edn Isasa<br \/>\nLong Drive: Germ\u00e1n Ben\u00edtez<\/p>\n<p>&nbsp;<\/p>\n<p>&nbsp;<\/p>\n","protected":false},"excerpt":{"rendered":"<p>Este domingo en los links albinegros se disput\u00f3 la primera fecha de la anunciada \u201cCopa Ryder\u201d y \u201cMike Team\u201d gan\u00f3<\/p>\n","protected":false},"author":96739694,"featured_media":155994,"comment_status":"closed","ping_status":"closed","sticky":false,"template":"","format":"standard","meta":{"_jetpack_memberships_contains_paid_content":false,"footnotes":""},"categories":[30,1],"tags":[],"class_list":["post-155993","post","type-post","status-publish","format-standard","has-post-thumbnail","hentry","category-polideportivo","category-portada"],"jetpack_featured_media_url":"https:\/\/i0.wp.com\/cdnoticias.com\/wp-content\/uploads\/2023\/06\/WhatsApp-Image-2023-06-25-at-18.24.44.jpeg?fit=1600%2C720&ssl=1","jetpack_sharing_enabled":true,"_links":{"self":[{"href":"https:\/\/cdnoticias.com\/index.php\/wp-json\/wp\/v2\/posts\/155993","targetHints":{"allow":["GET"]}}],"collection":[{"href":"https:\/\/cdnoticias.com\/index.php\/wp-json\/wp\/v2\/posts"}],"about":[{"href":"https:\/\/cdnoticias.com\/index.php\/wp-json\/wp\/v2\/types\/post"}],"author":[{"embeddable":true,"href":"https:\/\/cdnoticias.com\/index.php\/wp-json\/wp\/v2\/users\/96739694"}],"replies":[{"embeddable":true,"href":"https:\/\/cdnoticias.com\/index.php\/wp-json\/wp\/v2\/comments?post=155993"}],"version-history":[{"count":0,"href":"https:\/\/cdnoticias.com\/index.php\/wp-json\/wp\/v2\/posts\/155993\/revisions"}],"wp:featuredmedia":[{"embeddable":true,"href":"https:\/\/cdnoticias.com\/index.php\/wp-json\/wp\/v2\/media\/155994"}],"wp:attachment":[{"href":"https:\/\/cdnoticias.com\/index.php\/wp-json\/wp\/v2\/media?parent=155993"}],"wp:term":[{"taxonomy":"category","embeddable":true,"href":"https:\/\/cdnoticias.com\/index.php\/wp-json\/wp\/v2\/categories?post=155993"},{"taxonomy":"post_tag","embeddable":true,"href":"https:\/\/cdnoticias.com\/index.php\/wp-json\/wp\/v2\/tags?post=155993"}],"curies":[{"name":"wp","href":"https:\/\/api.w.org\/{rel}","templated":true}]}}