{"id":155989,"date":"2023-06-25T21:41:47","date_gmt":"2023-06-26T00:41:47","guid":{"rendered":"http:\/\/centraldeportes.com.ar\/?p=37757"},"modified":"2023-06-25T21:41:47","modified_gmt":"2023-06-26T00:41:47","slug":"liga-federal-de-formativas-hubo-derrotas-para-racing-y-san-martin","status":"publish","type":"post","link":"https:\/\/cdnoticias.com\/index.php\/2023\/06\/25\/liga-federal-de-formativas-hubo-derrotas-para-racing-y-san-martin\/","title":{"rendered":"Liga Federal de Formativas: hubo derrotas para Racing y San Mart\u00edn"},"content":{"rendered":"<p>Este domingo en los gimnasios de Racing y San Mart\u00edn, lleg\u00f3 a su fin la primera instancia de clasificaci\u00f3n de la Liga Federal de Formativas organizada por la Regi\u00f3n CAB 4 y hubo derrotas para los tres equipos olavarrienses.<!--more--><\/p>\n<hr \/>\n<p>Racing no pudo repetir festejo por el Grupo C de la categor\u00eda U15 y en el cierre del triangular cay\u00f3 ante Club de Pelota que jug\u00f3 sus dos partidos en el Parque Olavarr\u00eda este domingo y sum\u00f3 dos festejos para avanzar de ronda.<\/p>\n<p>&nbsp;<\/p>\n<p>Por otro lado, en el recinto de San Mart\u00edn, el \u201cLe\u00f3n Serrano\u201d que fue local en U13 y U15 cerr\u00f3 con nuevos traspi\u00e9s. En la categor\u00eda menor no pudo ante Puerto Comercial y en U15, cay\u00f3 ante Liniers.<\/p>\n<p>&nbsp;<\/p>\n<p>[soliloquy id=&#8221;37762&#8243;]<\/p>\n<p>&nbsp;<\/p>\n<p>Los resultados:<\/p>\n<p>En Racing:<br \/>\nU15 Puerto Comercial 37 \u2013 74 Club de Pelota<br \/>\nU15 Club de Pelota 63 \u2013 47 Racing<\/p>\n<p>En San Mart\u00edn:<br \/>\nU13 Puerto Comercial 61 \u2013 42 San Mart\u00edn<br \/>\nU15 Napost\u00e1 64 \u2013 53 Liniers<br \/>\nU13 Puerto Comercial 69 \u2013 58 Napost\u00e1<br \/>\nU15 Liniers 98 \u2013 36 San Mart\u00edn<\/p>\n","protected":false},"excerpt":{"rendered":"<p>Este domingo en los gimnasios de Racing y San Mart\u00edn, lleg\u00f3 a su fin la primera instancia de clasificaci\u00f3n de<\/p>\n","protected":false},"author":96739694,"featured_media":155992,"comment_status":"closed","ping_status":"closed","sticky":false,"template":"","format":"standard","meta":{"_jetpack_memberships_contains_paid_content":false,"footnotes":""},"categories":[31,44,1],"tags":[],"class_list":["post-155989","post","type-post","status-publish","format-standard","has-post-thumbnail","hentry","category-basquet","category-inferiores-basquet","category-portada"],"jetpack_featured_media_url":"https:\/\/i0.wp.com\/cdnoticias.com\/wp-content\/uploads\/2023\/06\/rac-federal-junior-2.jpeg?fit=1280%2C852&ssl=1","jetpack_sharing_enabled":true,"_links":{"self":[{"href":"https:\/\/cdnoticias.com\/index.php\/wp-json\/wp\/v2\/posts\/155989","targetHints":{"allow":["GET"]}}],"collection":[{"href":"https:\/\/cdnoticias.com\/index.php\/wp-json\/wp\/v2\/posts"}],"about":[{"href":"https:\/\/cdnoticias.com\/index.php\/wp-json\/wp\/v2\/types\/post"}],"author":[{"embeddable":true,"href":"https:\/\/cdnoticias.com\/index.php\/wp-json\/wp\/v2\/users\/96739694"}],"replies":[{"embeddable":true,"href":"https:\/\/cdnoticias.com\/index.php\/wp-json\/wp\/v2\/comments?post=155989"}],"version-history":[{"count":0,"href":"https:\/\/cdnoticias.com\/index.php\/wp-json\/wp\/v2\/posts\/155989\/revisions"}],"wp:featuredmedia":[{"embeddable":true,"href":"https:\/\/cdnoticias.com\/index.php\/wp-json\/wp\/v2\/media\/155992"}],"wp:attachment":[{"href":"https:\/\/cdnoticias.com\/index.php\/wp-json\/wp\/v2\/media?parent=155989"}],"wp:term":[{"taxonomy":"category","embeddable":true,"href":"https:\/\/cdnoticias.com\/index.php\/wp-json\/wp\/v2\/categories?post=155989"},{"taxonomy":"post_tag","embeddable":true,"href":"https:\/\/cdnoticias.com\/index.php\/wp-json\/wp\/v2\/tags?post=155989"}],"curies":[{"name":"wp","href":"https:\/\/api.w.org\/{rel}","templated":true}]}}