{"id":155987,"date":"2023-06-25T23:58:14","date_gmt":"2023-06-26T02:58:14","guid":{"rendered":"http:\/\/centraldeportes.com.ar\/?p=37774"},"modified":"2023-06-25T23:58:14","modified_gmt":"2023-06-26T02:58:14","slug":"apps-victorias-de-riciutti-macaluso-y-juez-en-la-bota","status":"publish","type":"post","link":"https:\/\/cdnoticias.com\/index.php\/2023\/06\/25\/apps-victorias-de-riciutti-macaluso-y-juez-en-la-bota\/","title":{"rendered":"APPS: victorias de Riciutti, Macaluso y Juez en \u201cLa Bota\u201d"},"content":{"rendered":"<p>Pas\u00f3 una nueva fecha de las categor\u00edas zonales del Sudeste, y ante un gran marco de p\u00fablico. Esteban Riciutti se qued\u00f3 con la victoria en la Monomarca 1100 y Carlos Macaluso hizo lo propio en la Promocional. La Copa Gol acompa\u00f1\u00f3 el espect\u00e1culo y Emiliano Juez se llev\u00f3 el triunfo.<!--more--><\/p>\n<hr \/>\n<p>La cuarta fecha del campeonato de las categor\u00edas de APPS se disput\u00f3 en el \u201cDante y Torcuato Emiliozzi\u201d, fecha que fue en homenaje al recordado Eduardo \u201cFlaco\u201d Mart\u00ednez, y que tuvo un momento muy emotivo con una vuelta simb\u00f3lica y la presencia de sus familiares.<\/p>\n<p>&nbsp;<\/p>\n<p>La primera final en disputarse fue la de la Monomarca 1100 y tuvo a Esteban Riciutti como vencedor. El olavarriense hizo todo bien y pudo celebrar un nuevo triunfo, el mismo que le ven\u00eda siendo esquivo hasta la competencia anterior, que gan\u00f3 con su piloto invitado, y esta vez lo hizo s\u00f3lo. Agust\u00edn Bruno hizo un gran trabajo y pudo completar un gran domingo con el segundo lugar, mientras que Sebasti\u00e1n Tissone arrib\u00f3 al podio en su regreso a la categor\u00eda.<\/p>\n<p>&nbsp;<\/p>\n<p>[soliloquy id=&#8221;37776&#8243;]<\/p>\n<p>&nbsp;<\/p>\n<p>La cuarta ubicaci\u00f3n fue para Nicol\u00e1s Benito, estaba para m\u00e1s, pero prefiri\u00f3 descargar kilos, la misma estrategia que lo llev\u00f3 a ser el \u00faltimo campe\u00f3n. Quinto fue Facundo \u00c1lvarez, sexto Facundo Cardone, s\u00e9ptimo Oscar Fornes, octavo Jorge Rodr\u00edguez, noveno Jonathan Gallardo y d\u00e9cimo Joel Pianzola.<\/p>\n<p>&nbsp;<\/p>\n<p>En la Promocional volvi\u00f3 a ganar Carlos Macaluso. El \u201cFlaco\u201d volvi\u00f3 a demostrar toda su experiencia y se llev\u00f3 un triunfo contundente, de punta a punta y sin mayores inconvenientes.<\/p>\n<p>&nbsp;<\/p>\n<p>[soliloquy id=&#8221;37779&#8243;]<\/p>\n<p>&nbsp;<\/p>\n<p>Gustavo Pendas fue segundo y tercero Cristian Novillo completando el podio. Cuarto fue Leo Gelso, qui\u00e9n tampoco quiso cargar kilos y prefiri\u00f3 resignar posiciones. El quinto lugar fue Diego Tartuferi, que se recuper\u00f3 del despiste en la serie, sexto fue Mart\u00edn Benaglia, s\u00e9ptimo Diego Mangieri, octavo Juan Melfi, noveno Benjam\u00edn Latorre y d\u00e9cimo Guillermo Grierson.<\/p>\n<p>&nbsp;<\/p>\n<p>La Copa Gol cerr\u00f3 el espect\u00e1culo deportivo en \u201cLa Bota\u201d, la categor\u00eda volvi\u00f3 a presentar un gran parque de autos, y buenos espect\u00e1culos en la pista.<\/p>\n<p>&nbsp;<\/p>\n<p>Emiliano Juez se qued\u00f3 con la victoria, escoltado por Mart\u00edn Collodoro y Lucas Errobidart. Fausto \u201cPirulo\u201d V\u00e1zquez estaba para m\u00e1s, pero se tuvo que conformar con ser cuarto, y quinto fue Nicol\u00e1s Villamayor, que tambi\u00e9n gan\u00f3 uno de los parciales y podr\u00eda haber peleado por la victoria. Mat\u00edas Errobidart, Mirko Stremel, Mart\u00edn Saba, Emiliano Leonardo y Eddie Leonetti completaron los primeros diez de la categor\u00eda.<\/p>\n","protected":false},"excerpt":{"rendered":"<p>Pas\u00f3 una nueva fecha de las categor\u00edas zonales del Sudeste, y ante un gran marco de p\u00fablico. Esteban Riciutti se<\/p>\n","protected":false},"author":96739694,"featured_media":155988,"comment_status":"closed","ping_status":"closed","sticky":false,"template":"","format":"standard","meta":{"_jetpack_memberships_contains_paid_content":false,"footnotes":""},"categories":[51,34,1],"tags":[],"class_list":["post-155987","post","type-post","status-publish","format-standard","has-post-thumbnail","hentry","category-apps","category-automovilismo","category-portada"],"jetpack_featured_media_url":"https:\/\/i0.wp.com\/cdnoticias.com\/wp-content\/uploads\/2023\/06\/apps1-5.jpeg?fit=1500%2C1000&ssl=1","jetpack_sharing_enabled":true,"_links":{"self":[{"href":"https:\/\/cdnoticias.com\/index.php\/wp-json\/wp\/v2\/posts\/155987","targetHints":{"allow":["GET"]}}],"collection":[{"href":"https:\/\/cdnoticias.com\/index.php\/wp-json\/wp\/v2\/posts"}],"about":[{"href":"https:\/\/cdnoticias.com\/index.php\/wp-json\/wp\/v2\/types\/post"}],"author":[{"embeddable":true,"href":"https:\/\/cdnoticias.com\/index.php\/wp-json\/wp\/v2\/users\/96739694"}],"replies":[{"embeddable":true,"href":"https:\/\/cdnoticias.com\/index.php\/wp-json\/wp\/v2\/comments?post=155987"}],"version-history":[{"count":0,"href":"https:\/\/cdnoticias.com\/index.php\/wp-json\/wp\/v2\/posts\/155987\/revisions"}],"wp:featuredmedia":[{"embeddable":true,"href":"https:\/\/cdnoticias.com\/index.php\/wp-json\/wp\/v2\/media\/155988"}],"wp:attachment":[{"href":"https:\/\/cdnoticias.com\/index.php\/wp-json\/wp\/v2\/media?parent=155987"}],"wp:term":[{"taxonomy":"category","embeddable":true,"href":"https:\/\/cdnoticias.com\/index.php\/wp-json\/wp\/v2\/categories?post=155987"},{"taxonomy":"post_tag","embeddable":true,"href":"https:\/\/cdnoticias.com\/index.php\/wp-json\/wp\/v2\/tags?post=155987"}],"curies":[{"name":"wp","href":"https:\/\/api.w.org\/{rel}","templated":true}]}}