{"id":155985,"date":"2023-06-26T00:10:15","date_gmt":"2023-06-26T03:10:15","guid":{"rendered":"http:\/\/centraldeportes.com.ar\/?p=37797"},"modified":"2023-06-26T00:10:15","modified_gmt":"2023-06-26T03:10:15","slug":"embajadores-goleo-a-velez-revirtio-la-serie-y-clasifico-a-cuartos-de-final","status":"publish","type":"post","link":"https:\/\/cdnoticias.com\/index.php\/2023\/06\/26\/embajadores-goleo-a-velez-revirtio-la-serie-y-clasifico-a-cuartos-de-final\/","title":{"rendered":"Embajadores gole\u00f3 a V\u00e9lez, revirti\u00f3 la serie y clasific\u00f3 a cuartos de final"},"content":{"rendered":"<p>El CEO sac\u00f3 adelante un partido caliente en el \u201cTete\u201d Di Carlo y derrot\u00f3 con autoridad a \u201cLos Indios\u201d azule\u00f1os por la revancha de los octavos de final del Torneo Interligas. Hubo disturbios a mediados del complemento por lo que el partido estuvo diez minutos interrumpido.<!--more--><\/p>\n<hr \/>\n<p>Decidido a cambiar el resultado que le cost\u00f3 el invicto en Azul, este domingo por la tarde <strong>Embajadores<\/strong> <strong>recibi\u00f3 en su casa a V\u00e9lez para disputar los restantes noventa minutos de la serie de octavos de final del Interligas<\/strong>. El equipo de Bilbao no hab\u00eda tenido una buena tarde en la ida y lleg\u00f3 al encuentro con desventaja por el global 1 \u2013 2.<\/p>\n<p>&nbsp;<\/p>\n<p>Sin embargo, la situaci\u00f3n fue distinta en el sint\u00e9tico del \u201cTete\u201d Di Carlo. All\u00ed, <strong>con goles de Juan Cruz Areco de penal, Esteban G\u00f3mez, Nicol\u00e1s Daffara y Luciano Rojas, el CEO derrot\u00f3 4 a 1 al conjunto azule\u00f1o<\/strong> que le hab\u00eda puesto suspenso a la jornada con el empate transitorio de <strong>Juan Sim\u00f3n Puente<\/strong> en la primera mitad. Con esta goleada, <strong>Embajadores liquid\u00f3 la serie global 5 a 3 y se meti\u00f3 entre los ocho mejores<\/strong> equipos del Uni\u00f3n Deportiva Regional donde <strong>enfrentar\u00e1 en cuartos a Loma Negra<\/strong>.<\/p>\n<p>&nbsp;<\/p>\n<h6><strong>El partido, los detalles<\/strong><\/h6>\n<p>&nbsp;<\/p>\n<p>El \u201cDiplom\u00e1tico\u201d sali\u00f3 a jugar como todo equipo que necesitaba igualar una serie de 180 minutos. Si bien la diferencia era m\u00ednima, fue claro dominador en un primer tiempo donde su \u00fanica distracci\u00f3n le cost\u00f3 el empate. No obstante manej\u00f3 el bal\u00f3n y los tiempos del partido, estuvo picante arriba con los desequilibrios de Sacchi y la movilidad de Daffara, pero se lo not\u00f3 un equipo apresurado en la toma de decisiones de cara al arco.<\/p>\n<p>&nbsp;<\/p>\n<p>Sin embargo, en una de las primeras situaciones generadas por el local, Sacchi le gan\u00f3 la posici\u00f3n a Mu\u00f1iz y \u00e9ste con un claro agarr\u00f3n le cometi\u00f3 penal a los 5\u2019 del primer tiempo. <strong>Juan Cruz Areco fue el encargado de intercambiar por gol un minuto despu\u00e9s para la ventaja parcial del \u201cDiplom\u00e1tico\u201d<\/strong>.<\/p>\n<p>&nbsp;<\/p>\n<p>El tanto de la paridad lleg\u00f3 en un momento donde el CEO qued\u00f3 mal parado y expuesto al contragolpe. <strong>A los 32\u2019, Juan Sim\u00f3n Puente corri\u00f3 un pelotazo al vac\u00edo, cruz\u00f3 bien la definici\u00f3n ante la presencia de Barrag\u00e1n que tard\u00f3 en salir y sell\u00f3 el 1 a 1 para \u201cLos Indios\u201d<\/strong>. La alegr\u00eda dur\u00f3 poco porque a los 36\u2019 Crescitelli vio la doble amarilla y dej\u00f3 con diez hombres a los de Yossi para el resto del cotejo.<\/p>\n<p>&nbsp;<\/p>\n<p>[soliloquy id=&#8221;37736&#8243;]<\/p>\n<p>&nbsp;<\/p>\n<p>La \u00faltima peligrosa del primer tiempo estuvo en los pies de Di Bello, que prob\u00f3 de media distancia con potente derechazo que alcanz\u00f3 a tocar Di Blasi y la pelota peg\u00f3 en el travesa\u00f1o cuando corr\u00edan 41 minutos en el cron\u00f3metro.<\/p>\n<p>&nbsp;<\/p>\n<h6><strong>El CEO volvi\u00f3 a golpear r\u00e1pido en el segundo tiempo<\/strong><\/h6>\n<p>Esteban \u201cChiqui\u201d G\u00f3mez fue el protagonista del 2 a 1 a los 47\u2019. <strong>El juvenil de Embajadores tom\u00f3 el esf\u00e9rico tras un rechazo azule\u00f1o y desde afuera del \u00e1rea cruz\u00f3 el remate que termin\u00f3 escurri\u00e9ndose por la derecha del arquero de V\u00e9lez<\/strong>. Asimismo, con la serie global empatada en tres los de Bilbao necesitaban uno m\u00e1s para revertir la situaci\u00f3n.<\/p>\n<p>&nbsp;<\/p>\n<p>Y lleg\u00f3 a los 70\u2019 por medio de Nicol\u00e1s Daffara. <strong>El ex Loma Negra toc\u00f3 y fue a buscar al centro del recinto donde la toc\u00f3 sutilmente a la carrera, la pelota dio en el palo y entr\u00f3 para el tercer grito local de la tarde<\/strong>. Todo pareci\u00f3 controlado por Embajadores, pero la expulsi\u00f3n directa de Yamil Su\u00e1rez a los 73\u2019 desvirtu\u00f3 las acciones y <a href=\"http:\/\/centraldeportes.com.ar\/jornada-empanada-en-el-interligas-fue-agredido-un-arbitro-y-hubo-disturbios-en-embajadores\/\">oblig\u00f3 a la interrupci\u00f3n del partido durante diez minutos<\/a>.<\/p>\n<p>&nbsp;<\/p>\n<p>\u201cLos Indios\u201d, con nueve jugadores, fueron a buscar el gol para empardar la serie, incluso tuvo una a los 93\u2019 con un cabezazo desviado de Luna. Sin embargo, en el af\u00e1n de llegar al cometido qued\u00f3 expuesto atr\u00e1s y eso lo aprovech\u00f3 muy bien el CEO que en la \u00faltima del partido,<strong> a los 96\u2019, lo liquid\u00f3 con el tanto de \u201cLuli\u201d Rojas asistido por Dar\u00edo Leonardo para el 4 a 1 definitivo<\/strong>.<\/p>\n<p>&nbsp;<\/p>\n<p><strong>S\u00edntesis Embajadores \u2013 V\u00e9lez: \u00a0<\/strong><\/p>\n<p><strong>Embajadores (4):<\/strong> Maximiliano Barrag\u00e1n; Bruno Di Bello, Braian Bortolotti, Lautaro Sasali, Nahuel Moro (F. Lopreite); Esteban G\u00f3mez (D. Leonardo), Juan Cruz Areco, Juan Manuel \u00c1lvarez; Nicol\u00e1s Lareu, Nicol\u00e1s Daffara y Santino Sacchi (L. Rojas; F. G\u00f3mez). DT: Luciano Bilbao.<\/p>\n<p><strong>V\u00e9lez (1): <\/strong>Luciano Di Blasio; Agust\u00edn Luna, Yamil Su\u00e1rez, Kevin Coronel, Mario Mu\u00f1iz; Mario Delippo, Mart\u00edn Cardozo, Daniel Crescitelli, Lucas Laguna (F. Z\u00e1rate); Juan Sim\u00f3n Puente (G. Giammatolo) e Iv\u00e1n Alayes (E. Pizzo). DT: Jos\u00e9 Yossi.<\/p>\n<p><strong>Goles<\/strong>: 6m. PT Juan Cruz Areco \u2013 p \u2013 (CEO); 32m. PT Juan Sim\u00f3n Puente (V); 2m. ST Esteban G\u00f3mez, 25m. ST Nicol\u00e1s Daffara y 45m. (+6) ST Luciano Rojas (CEO).<\/p>\n<p><strong>Amonestados<\/strong>: Sasali, Daffara y Rojas (Embajadores); Cardozo, Mu\u00f1iz, Coronel, Delippo y Z\u00e1rate (V\u00e9lez).<\/p>\n<p><strong>Expulsados<\/strong>: 24m. PT Rom\u00e1n Zanetti \u2013 PF \u2013 (CEO); 36m. PT Daniel Crescitelli (V) y 28m. ST Yamil Su\u00e1rez (V).<\/p>\n<p><strong>\u00c1rbitro<\/strong>: Braian Tiseira (Bol\u00edvar). <strong>Estadio<\/strong>: Clemente \u201cTete\u201d Di Carlo.<\/p>\n","protected":false},"excerpt":{"rendered":"<p>El CEO sac\u00f3 adelante un partido caliente en el \u201cTete\u201d Di Carlo y derrot\u00f3 con autoridad a \u201cLos Indios\u201d azule\u00f1os<\/p>\n","protected":false},"author":96739694,"featured_media":155986,"comment_status":"closed","ping_status":"closed","sticky":false,"template":"","format":"standard","meta":{"_jetpack_memberships_contains_paid_content":false,"footnotes":""},"categories":[35,1,41],"tags":[],"class_list":["post-155985","post","type-post","status-publish","format-standard","has-post-thumbnail","hentry","category-futbol","category-portada","category-primera-y-reserva"],"jetpack_featured_media_url":"https:\/\/i0.wp.com\/cdnoticias.com\/wp-content\/uploads\/2023\/06\/ceo-velez-19.jpeg?fit=1280%2C853&ssl=1","jetpack_sharing_enabled":true,"_links":{"self":[{"href":"https:\/\/cdnoticias.com\/index.php\/wp-json\/wp\/v2\/posts\/155985","targetHints":{"allow":["GET"]}}],"collection":[{"href":"https:\/\/cdnoticias.com\/index.php\/wp-json\/wp\/v2\/posts"}],"about":[{"href":"https:\/\/cdnoticias.com\/index.php\/wp-json\/wp\/v2\/types\/post"}],"author":[{"embeddable":true,"href":"https:\/\/cdnoticias.com\/index.php\/wp-json\/wp\/v2\/users\/96739694"}],"replies":[{"embeddable":true,"href":"https:\/\/cdnoticias.com\/index.php\/wp-json\/wp\/v2\/comments?post=155985"}],"version-history":[{"count":0,"href":"https:\/\/cdnoticias.com\/index.php\/wp-json\/wp\/v2\/posts\/155985\/revisions"}],"wp:featuredmedia":[{"embeddable":true,"href":"https:\/\/cdnoticias.com\/index.php\/wp-json\/wp\/v2\/media\/155986"}],"wp:attachment":[{"href":"https:\/\/cdnoticias.com\/index.php\/wp-json\/wp\/v2\/media?parent=155985"}],"wp:term":[{"taxonomy":"category","embeddable":true,"href":"https:\/\/cdnoticias.com\/index.php\/wp-json\/wp\/v2\/categories?post=155985"},{"taxonomy":"post_tag","embeddable":true,"href":"https:\/\/cdnoticias.com\/index.php\/wp-json\/wp\/v2\/tags?post=155985"}],"curies":[{"name":"wp","href":"https:\/\/api.w.org\/{rel}","templated":true}]}}