{"id":15598,"date":"2021-03-08T11:04:15","date_gmt":"2021-03-08T14:04:15","guid":{"rendered":"http:\/\/www.centraldenoticias.com.ar\/?p=15598"},"modified":"2021-03-08T11:04:28","modified_gmt":"2021-03-08T14:04:28","slug":"la-comisaria-de-la-mujer-emitio-una-salutacion-por-el-dia-de-la-mujer","status":"publish","type":"post","link":"https:\/\/cdnoticias.com\/index.php\/2021\/03\/08\/la-comisaria-de-la-mujer-emitio-una-salutacion-por-el-dia-de-la-mujer\/","title":{"rendered":"La Comisar\u00eda de la Mujer emiti\u00f3 una salutaci\u00f3n por el D\u00eda de la Mujer"},"content":{"rendered":"<p>Fue en el marco del 8M. \u201cBellas, inteligentes, luchadoras y sobre todo \u00fanicas\u201d indicaron.<!--more--><\/p>\n<hr \/>\n<p>En el marco del D\u00eda Internacional de la Mujer, <strong>la Comisar\u00eda de la Mujer emiti\u00f3 una salutaci\u00f3n a las mujeres de nuestra ciudad en su d\u00eda.<\/strong><\/p>\n<p>&nbsp;<\/p>\n<blockquote><p>En el flyer emitido desde la dependencia, se salud\u00f3 con la frase \u201cBellas, inteligentes, luchadoras y sobre todo \u00fanicas\u201d.<\/p><\/blockquote>\n<p>&nbsp;<\/p>\n<p>Adem\u00e1s, <strong>se pusieron a disposici\u00f3n y brindaron su direcci\u00f3n (9 de Julio 2652) as\u00ed como tambi\u00e9n el n\u00famero de tel\u00e9fono para realizar cualquier tipo de consulta: 480100.<\/strong><\/p>\n<p>&nbsp;<\/p>\n","protected":false},"excerpt":{"rendered":"<p>Fue en el marco del 8M. \u201cBellas, inteligentes, luchadoras y sobre todo \u00fanicas\u201d indicaron.<\/p>\n","protected":false},"author":2,"featured_media":15599,"comment_status":"closed","ping_status":"closed","sticky":false,"template":"","format":"standard","meta":{"_jetpack_memberships_contains_paid_content":false,"footnotes":""},"categories":[3],"tags":[],"class_list":["post-15598","post","type-post","status-publish","format-standard","has-post-thumbnail","hentry","category-genero"],"jetpack_featured_media_url":"https:\/\/i0.wp.com\/cdnoticias.com\/wp-content\/uploads\/2021\/03\/WhatsApp-Image-2021-03-06-at-12.54.14.jpeg?fit=1080%2C1080&ssl=1","jetpack_sharing_enabled":true,"_links":{"self":[{"href":"https:\/\/cdnoticias.com\/index.php\/wp-json\/wp\/v2\/posts\/15598","targetHints":{"allow":["GET"]}}],"collection":[{"href":"https:\/\/cdnoticias.com\/index.php\/wp-json\/wp\/v2\/posts"}],"about":[{"href":"https:\/\/cdnoticias.com\/index.php\/wp-json\/wp\/v2\/types\/post"}],"author":[{"embeddable":true,"href":"https:\/\/cdnoticias.com\/index.php\/wp-json\/wp\/v2\/users\/2"}],"replies":[{"embeddable":true,"href":"https:\/\/cdnoticias.com\/index.php\/wp-json\/wp\/v2\/comments?post=15598"}],"version-history":[{"count":0,"href":"https:\/\/cdnoticias.com\/index.php\/wp-json\/wp\/v2\/posts\/15598\/revisions"}],"wp:featuredmedia":[{"embeddable":true,"href":"https:\/\/cdnoticias.com\/index.php\/wp-json\/wp\/v2\/media\/15599"}],"wp:attachment":[{"href":"https:\/\/cdnoticias.com\/index.php\/wp-json\/wp\/v2\/media?parent=15598"}],"wp:term":[{"taxonomy":"category","embeddable":true,"href":"https:\/\/cdnoticias.com\/index.php\/wp-json\/wp\/v2\/categories?post=15598"},{"taxonomy":"post_tag","embeddable":true,"href":"https:\/\/cdnoticias.com\/index.php\/wp-json\/wp\/v2\/tags?post=15598"}],"curies":[{"name":"wp","href":"https:\/\/api.w.org\/{rel}","templated":true}]}}