{"id":155979,"date":"2023-06-19T13:23:21","date_gmt":"2023-06-19T16:23:21","guid":{"rendered":"http:\/\/centraldeportes.com.ar\/?p=37477"},"modified":"2023-06-19T13:23:21","modified_gmt":"2023-06-19T16:23:21","slug":"mauricio-peralta-se-convirtio-en-nuevo-dt-de-estudiantes","status":"publish","type":"post","link":"https:\/\/cdnoticias.com\/index.php\/2023\/06\/19\/mauricio-peralta-se-convirtio-en-nuevo-dt-de-estudiantes\/","title":{"rendered":"Mauricio Peralta se convirti\u00f3 en nuevo DT de Estudiantes"},"content":{"rendered":"<p>Ser\u00e1 el segundo ciclo del entrenador en la instituci\u00f3n \u201cBataraz\u201d. Su \u00faltima funci\u00f3n fue como ayudante de campo en el Lorca F.C de Espa\u00f1a. \u00a0\u00a0\u00a0<!--more--><\/p>\n<hr \/>\n<p>En el anochecer de este domingo, el <strong>Club Atl\u00e9tico Estudiantes<\/strong> <strong>confirm\u00f3 la llegada de Mauricio Peralta como nuevo Director T\u00e9cnico<\/strong> del plantel de mayores para lo que resta de la temporada en carrera en el Torneo Interligas y el posterior campeonato local.<\/p>\n<p>&nbsp;<\/p>\n<p>Ser\u00e1 el<strong> segundo ciclo del ex delantero bajo la conducci\u00f3n del \u201cBata\u201d<\/strong>, luego de sus pasos por Ciudad de Bol\u00edvar y Ferro Carril Sud. Su \u00faltimo trabajo fue como ayudante de campo de Jos\u00e9 Acciari en el Deportivo Lorca de Espa\u00f1a (tercera divisi\u00f3n).<\/p>\n<p>&nbsp;<\/p>\n<p>Por su parte, <strong>Emmanuel Echeverr\u00eda se abocar\u00e1 de lleno a su funci\u00f3n de Coordinador General<\/strong> de todas las categor\u00edas, por lo que <strong>Rub\u00e9n Istilliarte<\/strong> (ayudante de campo), <strong>Nicol\u00e1s Rodr\u00edguez e Iv\u00e1n Nu\u00f1ez<\/strong> (preparadores f\u00edsicos) y <strong>Pablo Flores<\/strong> (entrenador de arqueros) <strong>completar\u00e1n el cuerpo t\u00e9cnico<\/strong> de Peralta.<\/p>\n<p>&nbsp;<\/p>\n<p>En paralelo, se dio a conocer que el flamante DT a<strong>sumir\u00e1 luego del partido del \u201cAlbinegro\u201d contra Lil\u00e1n de Laprida<\/strong> por la ida de octavos del Torneo Uni\u00f3n Deportiva Regional.<\/p>\n<p>&nbsp;<\/p>\n<p><em><strong>Fuente: Prensa CAE.<\/strong><\/em><\/p>\n","protected":false},"excerpt":{"rendered":"<p>Ser\u00e1 el segundo ciclo del entrenador en la instituci\u00f3n \u201cBataraz\u201d. Su \u00faltima funci\u00f3n fue como ayudante de campo en el<\/p>\n","protected":false},"author":96739694,"featured_media":152730,"comment_status":"closed","ping_status":"closed","sticky":false,"template":"","format":"standard","meta":{"_jetpack_memberships_contains_paid_content":false,"footnotes":""},"categories":[35,1,41],"tags":[],"class_list":["post-155979","post","type-post","status-publish","format-standard","has-post-thumbnail","hentry","category-futbol","category-portada","category-primera-y-reserva"],"jetpack_featured_media_url":"https:\/\/i0.wp.com\/cdnoticias.com\/wp-content\/uploads\/2022\/08\/fortin-ferro-23.jpeg?fit=1500%2C1000&ssl=1","jetpack_sharing_enabled":true,"_links":{"self":[{"href":"https:\/\/cdnoticias.com\/index.php\/wp-json\/wp\/v2\/posts\/155979","targetHints":{"allow":["GET"]}}],"collection":[{"href":"https:\/\/cdnoticias.com\/index.php\/wp-json\/wp\/v2\/posts"}],"about":[{"href":"https:\/\/cdnoticias.com\/index.php\/wp-json\/wp\/v2\/types\/post"}],"author":[{"embeddable":true,"href":"https:\/\/cdnoticias.com\/index.php\/wp-json\/wp\/v2\/users\/96739694"}],"replies":[{"embeddable":true,"href":"https:\/\/cdnoticias.com\/index.php\/wp-json\/wp\/v2\/comments?post=155979"}],"version-history":[{"count":0,"href":"https:\/\/cdnoticias.com\/index.php\/wp-json\/wp\/v2\/posts\/155979\/revisions"}],"wp:featuredmedia":[{"embeddable":true,"href":"https:\/\/cdnoticias.com\/index.php\/wp-json\/wp\/v2\/media\/152730"}],"wp:attachment":[{"href":"https:\/\/cdnoticias.com\/index.php\/wp-json\/wp\/v2\/media?parent=155979"}],"wp:term":[{"taxonomy":"category","embeddable":true,"href":"https:\/\/cdnoticias.com\/index.php\/wp-json\/wp\/v2\/categories?post=155979"},{"taxonomy":"post_tag","embeddable":true,"href":"https:\/\/cdnoticias.com\/index.php\/wp-json\/wp\/v2\/tags?post=155979"}],"curies":[{"name":"wp","href":"https:\/\/api.w.org\/{rel}","templated":true}]}}