{"id":155945,"date":"2023-06-20T20:28:48","date_gmt":"2023-06-20T23:28:48","guid":{"rendered":"http:\/\/centraldeportes.com.ar\/?p=37558"},"modified":"2023-06-20T20:28:48","modified_gmt":"2023-06-20T23:28:48","slug":"rodrigo-vivas-no-nos-vamos-contentos-con-el-empate","status":"publish","type":"post","link":"https:\/\/cdnoticias.com\/index.php\/2023\/06\/20\/rodrigo-vivas-no-nos-vamos-contentos-con-el-empate\/","title":{"rendered":"Rodrigo Vivas: \u201cNo nos vamos contentos con el empate\u201d"},"content":{"rendered":"<p>El arquero de Racing, pieza clave para que su equipo mantenga el arco en cero contra Chacarita, habl\u00f3 luego de la igualdad en el Buglione Martinese.<!--more--><\/p>\n<hr \/>\n<p>En los primeros noventa minutos de la serie de octavos, el <strong>\u201cChaira\u201d<\/strong> enfrent\u00f3 al<strong> \u201cTricolor\u201d azule\u00f1o<\/strong> y con el <a href=\"http:\/\/centraldeportes.com.ar\/arrancaron-los-octavos-del-interligas-racing-empato-y-loma-negra-goleo-a-hinojo\/\">empate final sin goles<\/a> no pudo sacar ventaja de local por lo que definir\u00e1 la llave en la vecina ciudad. <strong>Luego del partido, Rodrigo Vivas habl\u00f3 con el medio y dej\u00f3 algunas frases de lo sucedido en el c\u00e9sped del Buglione Martinese<\/strong>.<\/p>\n<p>&nbsp;<\/p>\n<p>\u201c<em><strong>Fue un partido trabado, bravo<\/strong>. Se nos complic\u00f3 bastante, pero analizaremos lo que no sali\u00f3 en la semana para tratar de quedarnos con la revancha\u201d<\/em>, comenz\u00f3 declarando el arquero y luego continu\u00f3 en la misma frase: \u201c<strong><em>Este mi\u00e9rcoles tenemos otro compromiso importante<\/em><\/strong> \u2013 por el<a href=\"http:\/\/centraldeportes.com.ar\/el-chaira-ya-tiene-rival-para-los-cruces-eliminatorios\/\"> Regional Pampeano<\/a> \u2013 <strong><em>y vamos a tratar de dar lo mejor as\u00ed vamos el domingo m\u00e1s tranquilos a Azul<\/em><\/strong>\u201d, confes\u00f3.<\/p>\n<p>&nbsp;<\/p>\n<p><img data-recalc-dims=\"1\" loading=\"lazy\" decoding=\"async\" class=\"aligncenter size-large wp-image-37350\" src=\"https:\/\/i0.wp.com\/centraldeportes.com.ar\/wp-content\/uploads\/2023\/06\/rac-chac-2-1024x683.jpeg?resize=800%2C534\" alt=\"\" width=\"800\" height=\"534\" \/><\/p>\n<p>&nbsp;<\/p>\n<p>En el balance de los 90\u2019 minutos, a los dirigidos por el \u201cChueco\u201d Garc\u00eda Lorenzo les cost\u00f3 entrar en partido porque Chacarita presion\u00f3 bien arriba, pero a\u00fan as\u00ed fue el mejor lapso de Racing dentro del cotejo: \u201c<strong><em>No nos vamos contentos con el empate, quiz\u00e1 en el segundo tiempo salimos tranquilos a hacer nuestro juego y no nos sali\u00f3<\/em><\/strong>\u201d, coment\u00f3 el ex Embajadores y Sportivo Piazza.<\/p>\n<p>&nbsp;<\/p>\n<blockquote><p>\u201cEn el segundo tiempo el partido se trab\u00f3 bastante y se complic\u00f3 mucho m\u00e1s, no quedaba otra que tratar de buscar los espacios\u201d<\/p><\/blockquote>\n<p>&nbsp;<\/p>\n<p>Vivas fue clave para que la \u201cEstrellita\u201d mantenga el arco en cero, sobre todo en la \u00faltima jugada del partido, donde se luci\u00f3 con una notable atajada y le neg\u00f3 el gol a Borra: \u201c<em><strong>Los delanteros de ellos anduvieron bien, por suerte no estuvieron finos<\/strong>\u201d<\/em>, sintetiz\u00f3 en primer lugar y m\u00e1s tarde concluy\u00f3: \u201c<em>En el Pampeano apoyar\u00e9 desde el lado que me toque, <strong>me est\u00e1 costando mucho entrenar con el grupo, lo estoy haciendo en Inferiores con el entrenador de arqueros, pero voy a tratar de dar lo mejor para poder ayudar en lo que pueda al club<\/strong><\/em>\u201d, cerr\u00f3.<\/p>\n<p>&nbsp;<\/p>\n<p><strong><em>Foto: Verito Fotograf\u00edas.<\/em><\/strong><\/p>\n","protected":false},"excerpt":{"rendered":"<p>El arquero de Racing, pieza clave para que su equipo mantenga el arco en cero contra Chacarita, habl\u00f3 luego de<\/p>\n","protected":false},"author":96739694,"featured_media":155946,"comment_status":"closed","ping_status":"closed","sticky":false,"template":"","format":"standard","meta":{"_jetpack_memberships_contains_paid_content":false,"footnotes":""},"categories":[35,1,41],"tags":[],"class_list":["post-155945","post","type-post","status-publish","format-standard","has-post-thumbnail","hentry","category-futbol","category-portada","category-primera-y-reserva"],"jetpack_featured_media_url":"https:\/\/i0.wp.com\/cdnoticias.com\/wp-content\/uploads\/2023\/06\/Rodrigo-Vivas-Racing-1-e1687303542499.jpg?fit=1675%2C1080&ssl=1","jetpack_sharing_enabled":true,"_links":{"self":[{"href":"https:\/\/cdnoticias.com\/index.php\/wp-json\/wp\/v2\/posts\/155945","targetHints":{"allow":["GET"]}}],"collection":[{"href":"https:\/\/cdnoticias.com\/index.php\/wp-json\/wp\/v2\/posts"}],"about":[{"href":"https:\/\/cdnoticias.com\/index.php\/wp-json\/wp\/v2\/types\/post"}],"author":[{"embeddable":true,"href":"https:\/\/cdnoticias.com\/index.php\/wp-json\/wp\/v2\/users\/96739694"}],"replies":[{"embeddable":true,"href":"https:\/\/cdnoticias.com\/index.php\/wp-json\/wp\/v2\/comments?post=155945"}],"version-history":[{"count":0,"href":"https:\/\/cdnoticias.com\/index.php\/wp-json\/wp\/v2\/posts\/155945\/revisions"}],"wp:featuredmedia":[{"embeddable":true,"href":"https:\/\/cdnoticias.com\/index.php\/wp-json\/wp\/v2\/media\/155946"}],"wp:attachment":[{"href":"https:\/\/cdnoticias.com\/index.php\/wp-json\/wp\/v2\/media?parent=155945"}],"wp:term":[{"taxonomy":"category","embeddable":true,"href":"https:\/\/cdnoticias.com\/index.php\/wp-json\/wp\/v2\/categories?post=155945"},{"taxonomy":"post_tag","embeddable":true,"href":"https:\/\/cdnoticias.com\/index.php\/wp-json\/wp\/v2\/tags?post=155945"}],"curies":[{"name":"wp","href":"https:\/\/api.w.org\/{rel}","templated":true}]}}