{"id":155930,"date":"2023-06-22T01:05:15","date_gmt":"2023-06-22T04:05:15","guid":{"rendered":"http:\/\/centraldeportes.com.ar\/?p=37592"},"modified":"2023-06-22T01:05:15","modified_gmt":"2023-06-22T04:05:15","slug":"regional-pampeano-el-chaira-se-planto-y-lo-dio-vuelta-en-tandil","status":"publish","type":"post","link":"https:\/\/cdnoticias.com\/index.php\/2023\/06\/22\/regional-pampeano-el-chaira-se-planto-y-lo-dio-vuelta-en-tandil\/","title":{"rendered":"Regional Pampeano: el \u201cChaira\u201d se plant\u00f3 y lo dio vuelta en Tandil"},"content":{"rendered":"<p>Por la ida de la primera fase eliminatoria, Racing derrot\u00f3 a Deportivo Tandil en el D\u00e1maso Latasa y sac\u00f3 un buen resultado de cara a la revancha en el Buglione Martinese.<!--more--><\/p>\n<hr \/>\n<p>Comenz\u00f3 la etapa decisiva en el certamen organizado por la <strong>Federaci\u00f3n Bonaerense Pampeana<\/strong> y en la noche de este mi\u00e9rcoles, <strong>Racing<\/strong> viaj\u00f3 nuevamente a tierras tandilenses y <strong>enfrent\u00f3 por primera vez en la historia a Deportivo Tandil<\/strong>. El choque fue por la ida de la primera fase eliminatoria.<\/p>\n<p>&nbsp;<\/p>\n<p>All\u00ed, en el c\u00e9sped del estadio D\u00e1maso Latasa (perteneciente a Ferro de Tandil),<strong> el \u201cChaira\u201d lo perd\u00eda 2 a 0<\/strong> a lo largo del primer tiempo, <strong>pero en el complemento dio una muestra de car\u00e1cter<\/strong>, mejor\u00f3 con los cambios <strong>y lo dio vuelta 4 a 2 sobre el final<\/strong> sacando una considerable ventaja en la serie.<\/p>\n<p>&nbsp;<\/p>\n\n<p>&nbsp;<\/p>\n<p>El \u201cDepor\u201d se adelant\u00f3 por medio de <strong>Mat\u00edas Tapia<\/strong> a los 35\u2019 y un golazo de <strong>Alexis Bliger<\/strong> tres minutos m\u00e1s tarde, pero la reacci\u00f3n olavarriense arrib\u00f3 enseguida en el complemento. Primero con <strong>Joaqu\u00edn Ayesa<\/strong>, quien apareci\u00f3 por atr\u00e1s y concret\u00f3 para el descuento a los 52\u2019. Luego, de pelota detenida, <strong>Mat\u00edas Ordozgoiti<\/strong> anticip\u00f3 de cabeza en zona de peligro y sell\u00f3 la igualdad transitoria a los 69\u2019.<\/p>\n<p>&nbsp;<\/p>\n<p>Asimismo, en los \u00faltimos cinco minutos del encuentro, Racing golpe\u00f3 dos veces. Primero con <strong>Santiago Izaguirre<\/strong> a los 87\u2019 y un minuto despu\u00e9s, <strong>Diego Garabento<\/strong> \u2013 reci\u00e9n ingresado \u2013 sentenci\u00f3 cifras defnitivas en el escenario tandilense.<\/p>\n<p>&nbsp;<\/p>\n<p>Resultado m\u00e1s que favorable consigui\u00f3 el equipo de Garc\u00eda Lorenzo pensando en<strong> la vuelta<\/strong>, que se disputar\u00e1 el <strong>pr\u00f3ximo mi\u00e9rcoles 28 en el estadio Jos\u00e9 Buglione Martinese<\/strong>. Asimismo, en la otra llave, Balonpi\u00e9 se hizo fuerte en Alem y derrot\u00f3 5 a 3 a Apeadero. La revancha se jugar\u00e1 en Saladillo.<\/p>\n<p>&nbsp;<\/p>\n<p><em><strong>Fotos: Gentileza Rody Becchi \/ El Eco de Tandil.<\/strong><\/em><\/p>\n<hr \/>\n<p><strong>S\u00edntesis Deportivo Tandil \u2013 Racing: <\/strong><\/p>\n<p><strong>Deportivo Tandil (2):<\/strong> Rodrigo Alejandro; Agust\u00edn Ferraggine (F. Volpatti), Sim\u00f3n Pereyra, Agust\u00edn Garc\u00eda Mancini, Hern\u00e1n Unchalo; Thiago Ferreyra (M. Lorea), Lucas Rodr\u00edguez\u00a0 (L. Ciros), Mat\u00edas Tapia (C. Fern\u00e1ndez), Nicol\u00e1s Laportilla; Franco Reynoso y Alexis Bliger (L. Silva). DT: Pablo Gilabert.<\/p>\n<p><strong>Racing (4): <\/strong>Jos\u00e9 Matos, Joaqu\u00edn Ayesa, Nicol\u00e1s Grigera, Franco Vel\u00e1zquez (S. Izaguirre), Ayrton Palmieri; Ignacio Baldo; Manuel Scacheri, Diego Fr\u00edas (A. Cataldi), Mat\u00edas Ordozgoiti, Ferm\u00edn Kolman (D. Garabento) y Rub\u00e9n Tarasco. DT: David Garc\u00eda Lorenzo.<\/p>\n<p><strong>Goles: <\/strong>35m. PT Mat\u00edas Tapia (DT) y 38m. PT Alexis Bliger (DT); 7m. ST Joaqu\u00edn Ayesa, 24m. ST Mat\u00edas Ordozgoiti, 42m. ST Santiago Izaguirre y 43m. ST Diego Garabento (R).<\/p>\n<p><strong>Amonestados: <\/strong>Mancini, Ciros y Loratti (Deportivo Tandil); Cataldi y Palmieri (Racing).<\/p>\n<p><strong>Expulsados: <\/strong>No hubo.<\/p>\n<p><strong>\u00c1rbitro:<\/strong> Facundo Alvez (General Madariaga). <strong>Estadio:<\/strong> D\u00e1maso Latasa.<\/p>\n","protected":false},"excerpt":{"rendered":"<p>Por la ida de la primera fase eliminatoria, Racing derrot\u00f3 a Deportivo Tandil en el D\u00e1maso Latasa y sac\u00f3 un<\/p>\n","protected":false},"author":96739694,"featured_media":155933,"comment_status":"closed","ping_status":"closed","sticky":false,"template":"","format":"standard","meta":{"_jetpack_memberships_contains_paid_content":false,"footnotes":""},"categories":[35,1,54],"tags":[],"class_list":["post-155930","post","type-post","status-publish","format-standard","has-post-thumbnail","hentry","category-futbol","category-portada","category-torneo-regional-amateur"],"jetpack_featured_media_url":"https:\/\/i0.wp.com\/cdnoticias.com\/wp-content\/uploads\/2023\/06\/Dep.-Tandil-vs-Racing-TRFP-Ida-e1687406602546.jpeg?fit=1592%2C1048&ssl=1","jetpack_sharing_enabled":true,"_links":{"self":[{"href":"https:\/\/cdnoticias.com\/index.php\/wp-json\/wp\/v2\/posts\/155930","targetHints":{"allow":["GET"]}}],"collection":[{"href":"https:\/\/cdnoticias.com\/index.php\/wp-json\/wp\/v2\/posts"}],"about":[{"href":"https:\/\/cdnoticias.com\/index.php\/wp-json\/wp\/v2\/types\/post"}],"author":[{"embeddable":true,"href":"https:\/\/cdnoticias.com\/index.php\/wp-json\/wp\/v2\/users\/96739694"}],"replies":[{"embeddable":true,"href":"https:\/\/cdnoticias.com\/index.php\/wp-json\/wp\/v2\/comments?post=155930"}],"version-history":[{"count":0,"href":"https:\/\/cdnoticias.com\/index.php\/wp-json\/wp\/v2\/posts\/155930\/revisions"}],"wp:featuredmedia":[{"embeddable":true,"href":"https:\/\/cdnoticias.com\/index.php\/wp-json\/wp\/v2\/media\/155933"}],"wp:attachment":[{"href":"https:\/\/cdnoticias.com\/index.php\/wp-json\/wp\/v2\/media?parent=155930"}],"wp:term":[{"taxonomy":"category","embeddable":true,"href":"https:\/\/cdnoticias.com\/index.php\/wp-json\/wp\/v2\/categories?post=155930"},{"taxonomy":"post_tag","embeddable":true,"href":"https:\/\/cdnoticias.com\/index.php\/wp-json\/wp\/v2\/tags?post=155930"}],"curies":[{"name":"wp","href":"https:\/\/api.w.org\/{rel}","templated":true}]}}