{"id":155926,"date":"2023-06-22T16:34:21","date_gmt":"2023-06-22T19:34:21","guid":{"rendered":"http:\/\/centraldeportes.com.ar\/?p=37602"},"modified":"2023-06-22T16:34:21","modified_gmt":"2023-06-22T19:34:21","slug":"racing-y-san-martin-seran-locales-en-el-regional-de-clubes","status":"publish","type":"post","link":"https:\/\/cdnoticias.com\/index.php\/2023\/06\/22\/racing-y-san-martin-seran-locales-en-el-regional-de-clubes\/","title":{"rendered":"Racing y San Mart\u00edn ser\u00e1n locales en el Regional de Clubes"},"content":{"rendered":"<p>Entre s\u00e1bado y domingo, en dos escenarios locales dar\u00e1 comienzo la Liga Federal de Formativas y tambi\u00e9n ser\u00e1 el debut de Ferro en femenino en Bah\u00eda Blanca.<!--more--><\/p>\n<hr \/>\n<p>Racing, San Mart\u00edn y Ferro debutan en la Liga Regional de Clubes organizada por la Regi\u00f3n CAB 4 y habr\u00e1 nutrida actividad en los gimnasios locales.<\/p>\n<p>&nbsp;<\/p>\n<p>La competencia reservada para las categor\u00edas U13, U15 y U17 comenzar\u00e1 en el Parque Olavarr\u00eda y en el recinto del \u201cLe\u00f3n Serrano\u201d, pero tambi\u00e9n contar\u00e1 con la participaci\u00f3n de Estudiantes en U17 y de Ferro, San Mart\u00edn y Racing en la categor\u00eda femenina.<\/p>\n<p>&nbsp;<\/p>\n<p>Los \u201cChairas\u201d ser\u00e1n los anfitriones en U17 femenino y en U15 masculino, mientras que el \u201cLe\u00f3n\u201d recibir\u00e1 a los representantes de Punta Alta, Tres Arroyos y Bah\u00eda Blanca en U13 y U15.<\/p>\n<p>&nbsp;<\/p>\n<p>El Torneo que es clasificatorio al Nacional de la Liga Federal tambi\u00e9n tendr\u00e1 acci\u00f3n con las \u201cCarboneras\u201d que jugar\u00e1n en Bah\u00eda Blanca dentro de la categor\u00eda U13.<\/p>\n<p>&nbsp;<\/p>\n<h6><strong>Cronograma:<\/strong><\/h6>\n<p>&nbsp;<\/p>\n<p><strong>S\u00e1bado 24<\/strong><\/p>\n<p>U17 Femenino &#8211; Racing vs Pac\u00edfico<\/p>\n<p>U15 Masculino &#8211; Racing vs Puerto Comercial<\/p>\n<p>U13\u00a0 San Mart\u00edn vs Napost\u00e1<\/p>\n<p>U15 San Mart\u00edn vs Napost\u00e1<\/p>\n<p>&nbsp;<\/p>\n<p><strong>Domingo 25<\/strong><\/p>\n<p>U17 Femenino &#8211; Puerto Comercial vs Racing<\/p>\n<p>U15 Masculino &#8211; Club de Pelota vs Racing<\/p>\n<p>U15 Liniers vs San Mart\u00edn<\/p>\n","protected":false},"excerpt":{"rendered":"<p>Entre s\u00e1bado y domingo, en dos escenarios locales dar\u00e1 comienzo la Liga Federal de Formativas y tambi\u00e9n ser\u00e1 el debut<\/p>\n","protected":false},"author":96739694,"featured_media":155927,"comment_status":"closed","ping_status":"closed","sticky":false,"template":"","format":"standard","meta":{"_jetpack_memberships_contains_paid_content":false,"footnotes":""},"categories":[31,40,1],"tags":[],"class_list":["post-155926","post","type-post","status-publish","format-standard","has-post-thumbnail","hentry","category-basquet","category-inferiores","category-portada"],"jetpack_featured_media_url":"https:\/\/i0.wp.com\/cdnoticias.com\/wp-content\/uploads\/2022\/08\/inf-abo-3.jpeg?fit=1280%2C853&ssl=1","jetpack_sharing_enabled":true,"_links":{"self":[{"href":"https:\/\/cdnoticias.com\/index.php\/wp-json\/wp\/v2\/posts\/155926","targetHints":{"allow":["GET"]}}],"collection":[{"href":"https:\/\/cdnoticias.com\/index.php\/wp-json\/wp\/v2\/posts"}],"about":[{"href":"https:\/\/cdnoticias.com\/index.php\/wp-json\/wp\/v2\/types\/post"}],"author":[{"embeddable":true,"href":"https:\/\/cdnoticias.com\/index.php\/wp-json\/wp\/v2\/users\/96739694"}],"replies":[{"embeddable":true,"href":"https:\/\/cdnoticias.com\/index.php\/wp-json\/wp\/v2\/comments?post=155926"}],"version-history":[{"count":0,"href":"https:\/\/cdnoticias.com\/index.php\/wp-json\/wp\/v2\/posts\/155926\/revisions"}],"wp:featuredmedia":[{"embeddable":true,"href":"https:\/\/cdnoticias.com\/index.php\/wp-json\/wp\/v2\/media\/155927"}],"wp:attachment":[{"href":"https:\/\/cdnoticias.com\/index.php\/wp-json\/wp\/v2\/media?parent=155926"}],"wp:term":[{"taxonomy":"category","embeddable":true,"href":"https:\/\/cdnoticias.com\/index.php\/wp-json\/wp\/v2\/categories?post=155926"},{"taxonomy":"post_tag","embeddable":true,"href":"https:\/\/cdnoticias.com\/index.php\/wp-json\/wp\/v2\/tags?post=155926"}],"curies":[{"name":"wp","href":"https:\/\/api.w.org\/{rel}","templated":true}]}}