{"id":155861,"date":"2023-06-18T21:36:13","date_gmt":"2023-06-19T00:36:13","guid":{"rendered":"http:\/\/centraldeportes.com.ar\/?p=37468"},"modified":"2023-06-18T21:36:13","modified_gmt":"2023-06-19T00:36:13","slug":"el-fortin-se-trajo-la-serie-igualada-de-laprida","status":"publish","type":"post","link":"https:\/\/cdnoticias.com\/index.php\/2023\/06\/18\/el-fortin-se-trajo-la-serie-igualada-de-laprida\/","title":{"rendered":"El Fort\u00edn se trajo la serie igualada de Laprida"},"content":{"rendered":"<p>Por el duelo de ida de octavos de final, el elenco de Fabricio Torres no se sac\u00f3 ventajas con Jorge Newbery en el estadio Hugo A. Pratula. Adem\u00e1s en Daireaux tambi\u00e9n hubo empate.<!--more--><\/p>\n<hr \/>\n<p>Prosiguieron los cruces de ida correspondientes a los <strong>octavos de final del Interligas<\/strong> y en la tarde de este domingo fue el turno de otro representante olavarriense en carrera.<\/p>\n<p>&nbsp;<\/p>\n<p>Al igual que lo hizo Racing, <strong>El Fort\u00edn<\/strong> volvi\u00f3 a la acci\u00f3n despu\u00e9s de quince d\u00edas, salte\u00f3 una fase eliminatoria y <strong>viaj\u00f3 a Laprida para afrontar los primeros 90 minutos de la llave contra Jorge Newbery<\/strong>, que ven\u00eda de dejar eliminado a Racing de La Madrid.<\/p>\n<p>&nbsp;<\/p>\n<p><img data-recalc-dims=\"1\" loading=\"lazy\" decoding=\"async\" class=\"aligncenter size-large wp-image-37470\" src=\"https:\/\/i0.wp.com\/centraldeportes.com.ar\/wp-content\/uploads\/2023\/06\/Jorge-Newbery-El-Fort%C3%ADn-Ida-octavos-Interligas1-e1687134893356-1024x653.jpeg?resize=800%2C510\" alt=\"\" width=\"800\" height=\"510\" \/><\/p>\n<p>&nbsp;<\/p>\n<p>Con todo dispuesto en el c\u00e9sped del Hugo Pratula, <strong>el \u201cFortinero\u201d y el \u201cCacique\u201d no se sacaron ventajas y empataron 0 a 0<\/strong>. Tal como lo dict\u00f3 el resultado, fue un partido cerrado con una ocasi\u00f3n de peligro por bando. Por el lado de Newbery, un cabezazo de Regalado que supo repeler Ram\u00edrez y luego <strong>un tiro en el travesa\u00f1o de Bonavetti fue la m\u00e1s oportuna en el conjunto de Torres<\/strong>.<\/p>\n<p>&nbsp;<\/p>\n<p>A pesar de la paridad, El Fort\u00edn sac\u00f3 un \u00f3ptimo resultado de cara a la revancha del pr\u00f3ximo fin de semana y tendr\u00e1 la oportunidad de resolver la serie en el Ricardo S\u00e1nchez.<\/p>\n<hr \/>\n<h6><strong>En Daireaux tambi\u00e9n hubo igualdad<\/strong><\/h6>\n<p><strong>Bancario<\/strong> recibi\u00f3 a <strong>Balonpi\u00e9<\/strong> para disputar el primer partido de la serie y <strong>todo termin\u00f3 en tablas 0 a 0.<\/strong> El pr\u00f3ximo fin de semana la vuelta se jugar\u00e1 en Bol\u00edvar.<\/p>\n<p>&nbsp;<\/p>\n<p><em><strong>Fotos: Gentileza de Topy \u00c1lvarez.<\/strong><\/em><\/p>\n<hr \/>\n<p><strong>S\u00edntesis Jorge Newbery \u2013 El Fort\u00edn: \u00a0<\/strong><\/p>\n<p><strong>Jorge Newbery (0):<\/strong> Molina; Llompart (Lucero), Feijoo, Terraza, Villavicencio; Justo, Hatrick, Correa (J. Terraza), Ortiz (Alacid); Bertellys y Regalado. DT: Mariano S\u00e1enz Valiente.<\/p>\n<p><strong>El Fort\u00edn (0): <\/strong>N\u00e9stor Ram\u00edrez; Emanuel Teves (F. Cisneros), Hugo Larregina, Enzo Barrientos, Christian Echarri; Marcos Bonavetti (P. Ponce), Bernardo Junger, Yoel Gonz\u00e1lez, Gustavo Tolosa; Emiliano Piecenti (C. Rodr\u00edguez) y Leonardo Benito (B. Arce). DT: Fabricio Torres.<\/p>\n<p><strong>Goles<\/strong>: No hubo.<\/p>\n<p><strong>Amonestados<\/strong>: Hatrick (Jorge Newbery); Junger (El Fort\u00edn).<\/p>\n<p><strong>Expulsados<\/strong>: No hubo.<\/p>\n<p><strong>\u00c1rbitro<\/strong>: Lautaro Rodr\u00edguez. <strong>Estadio<\/strong>: Hugo A. Pratula.<\/p>\n","protected":false},"excerpt":{"rendered":"<p>Por el duelo de ida de octavos de final, el elenco de Fabricio Torres no se sac\u00f3 ventajas con Jorge<\/p>\n","protected":false},"author":96739694,"featured_media":155863,"comment_status":"closed","ping_status":"closed","sticky":false,"template":"","format":"standard","meta":{"_jetpack_memberships_contains_paid_content":false,"footnotes":""},"categories":[35,1,41],"tags":[],"class_list":["post-155861","post","type-post","status-publish","format-standard","has-post-thumbnail","hentry","category-futbol","category-portada","category-primera-y-reserva"],"jetpack_featured_media_url":"https:\/\/i0.wp.com\/cdnoticias.com\/wp-content\/uploads\/2023\/06\/Jorge-Newbery-El-Fort%C3%ADn-Ida-octavos-Interligas-e1687134862763.jpeg?fit=1600%2C948&ssl=1","jetpack_sharing_enabled":true,"_links":{"self":[{"href":"https:\/\/cdnoticias.com\/index.php\/wp-json\/wp\/v2\/posts\/155861","targetHints":{"allow":["GET"]}}],"collection":[{"href":"https:\/\/cdnoticias.com\/index.php\/wp-json\/wp\/v2\/posts"}],"about":[{"href":"https:\/\/cdnoticias.com\/index.php\/wp-json\/wp\/v2\/types\/post"}],"author":[{"embeddable":true,"href":"https:\/\/cdnoticias.com\/index.php\/wp-json\/wp\/v2\/users\/96739694"}],"replies":[{"embeddable":true,"href":"https:\/\/cdnoticias.com\/index.php\/wp-json\/wp\/v2\/comments?post=155861"}],"version-history":[{"count":0,"href":"https:\/\/cdnoticias.com\/index.php\/wp-json\/wp\/v2\/posts\/155861\/revisions"}],"wp:featuredmedia":[{"embeddable":true,"href":"https:\/\/cdnoticias.com\/index.php\/wp-json\/wp\/v2\/media\/155863"}],"wp:attachment":[{"href":"https:\/\/cdnoticias.com\/index.php\/wp-json\/wp\/v2\/media?parent=155861"}],"wp:term":[{"taxonomy":"category","embeddable":true,"href":"https:\/\/cdnoticias.com\/index.php\/wp-json\/wp\/v2\/categories?post=155861"},{"taxonomy":"post_tag","embeddable":true,"href":"https:\/\/cdnoticias.com\/index.php\/wp-json\/wp\/v2\/tags?post=155861"}],"curies":[{"name":"wp","href":"https:\/\/api.w.org\/{rel}","templated":true}]}}