{"id":15583,"date":"2021-03-08T10:25:56","date_gmt":"2021-03-08T13:25:56","guid":{"rendered":"http:\/\/www.centraldenoticias.com.ar\/?p=15583"},"modified":"2021-03-08T10:26:09","modified_gmt":"2021-03-08T13:26:09","slug":"impactante-vuelco-en-pueblo-nuevo-dos-heridos","status":"publish","type":"post","link":"https:\/\/cdnoticias.com\/index.php\/2021\/03\/08\/impactante-vuelco-en-pueblo-nuevo-dos-heridos\/","title":{"rendered":"Impactante vuelco en Pueblo Nuevo: dos heridos"},"content":{"rendered":"<p>El accidente se produjo cerca de las 10 de la ma\u00f1ana en el cruce de calles Sargento Cabral y Chacabuco. Una camioneta termin\u00f3 \u201cruedas para arriba\u201d y trasladaron a sus ocupantes.<!--more--><\/p>\n<hr \/>\n<p>En la jornada de este lunes, cerca de las 10 de la ma\u00f1ana,<strong> dos personas resultaron heridas tras un fuerte choque y vuelco en Pueblo Nuevo, m\u00e1s precisamente en el cruce de calles Sargento Cabral y Chacabuco.<\/strong><\/p>\n<p>&nbsp;<\/p>\n<p><img data-recalc-dims=\"1\" loading=\"lazy\" decoding=\"async\" class=\"alignnone size-full wp-image-15585\" src=\"https:\/\/i0.wp.com\/cdnoticias.com\/wp-content\/uploads\/2021\/03\/vuelco-cdn1.jpg?resize=800%2C486&#038;ssl=1\" alt=\"\" width=\"800\" height=\"486\" srcset=\"https:\/\/i0.wp.com\/cdnoticias.com\/wp-content\/uploads\/2021\/03\/vuelco-cdn1.jpg?w=1152&amp;ssl=1 1152w, https:\/\/i0.wp.com\/cdnoticias.com\/wp-content\/uploads\/2021\/03\/vuelco-cdn1.jpg?resize=300%2C182&amp;ssl=1 300w, https:\/\/i0.wp.com\/cdnoticias.com\/wp-content\/uploads\/2021\/03\/vuelco-cdn1.jpg?resize=768%2C467&amp;ssl=1 768w, https:\/\/i0.wp.com\/cdnoticias.com\/wp-content\/uploads\/2021\/03\/vuelco-cdn1.jpg?resize=1024%2C622&amp;ssl=1 1024w\" sizes=\"auto, (max-width: 800px) 100vw, 800px\" \/><\/p>\n<p>&nbsp;<\/p>\n<p>Las causas del accidente ser\u00e1n materia de investigaci\u00f3n. Lo concreto es que<strong> un Ford Fiesta impact\u00f3 de lleno en una camioneta Renault Duster que, tras hacer medio trompo, volc\u00f3 y qued\u00f3 sobre sus cuatro ruedas en la cinta asf\u00e1ltica.<\/strong><\/p>\n<p>&nbsp;<\/p>\n<p>R\u00e1pidamente, una ambulancia del SAME lleg\u00f3 al lugar y <strong>traslad\u00f3 a los dos ocupantes de la camioneta al Hospital Municipal donde, seg\u00fan se indic\u00f3, sufrieron heridas de car\u00e1cter \u201cleve\u201d.<\/strong><\/p>\n<p>&nbsp;<\/p>\n<p><img data-recalc-dims=\"1\" loading=\"lazy\" decoding=\"async\" class=\"alignnone size-full wp-image-15584\" src=\"https:\/\/i0.wp.com\/cdnoticias.com\/wp-content\/uploads\/2021\/03\/vuelco-cdn.jpg?resize=800%2C600&#038;ssl=1\" alt=\"\" width=\"800\" height=\"600\" srcset=\"https:\/\/i0.wp.com\/cdnoticias.com\/wp-content\/uploads\/2021\/03\/vuelco-cdn.jpg?w=1152&amp;ssl=1 1152w, https:\/\/i0.wp.com\/cdnoticias.com\/wp-content\/uploads\/2021\/03\/vuelco-cdn.jpg?resize=300%2C225&amp;ssl=1 300w, https:\/\/i0.wp.com\/cdnoticias.com\/wp-content\/uploads\/2021\/03\/vuelco-cdn.jpg?resize=768%2C576&amp;ssl=1 768w, https:\/\/i0.wp.com\/cdnoticias.com\/wp-content\/uploads\/2021\/03\/vuelco-cdn.jpg?resize=1024%2C768&amp;ssl=1 1024w\" sizes=\"auto, (max-width: 800px) 100vw, 800px\" \/><\/p>\n<p>&nbsp;<\/p>\n<p>En el lugar trabajan efectivos de Comando de Patrullas y, adem\u00e1s, hay varios cortes de calles: <strong>Chacabuco y Sargento Cabral, y tambi\u00e9n su cruce con Independencia en mano hacia R\u00edo Bamba.<\/strong><\/p>\n","protected":false},"excerpt":{"rendered":"<p>El accidente se produjo cerca de las 10 de la ma\u00f1ana en el cruce de calles Sargento Cabral y Chacabuco.<\/p>\n","protected":false},"author":2,"featured_media":15587,"comment_status":"closed","ping_status":"closed","sticky":false,"template":"","format":"standard","meta":{"_jetpack_memberships_contains_paid_content":false,"footnotes":""},"categories":[14,1],"tags":[],"class_list":["post-15583","post","type-post","status-publish","format-standard","has-post-thumbnail","hentry","category-policiales","category-portada"],"jetpack_featured_media_url":"https:\/\/i0.wp.com\/cdnoticias.com\/wp-content\/uploads\/2021\/03\/vuelco-cdn3.jpg?fit=1152%2C776&ssl=1","jetpack_sharing_enabled":true,"_links":{"self":[{"href":"https:\/\/cdnoticias.com\/index.php\/wp-json\/wp\/v2\/posts\/15583","targetHints":{"allow":["GET"]}}],"collection":[{"href":"https:\/\/cdnoticias.com\/index.php\/wp-json\/wp\/v2\/posts"}],"about":[{"href":"https:\/\/cdnoticias.com\/index.php\/wp-json\/wp\/v2\/types\/post"}],"author":[{"embeddable":true,"href":"https:\/\/cdnoticias.com\/index.php\/wp-json\/wp\/v2\/users\/2"}],"replies":[{"embeddable":true,"href":"https:\/\/cdnoticias.com\/index.php\/wp-json\/wp\/v2\/comments?post=15583"}],"version-history":[{"count":0,"href":"https:\/\/cdnoticias.com\/index.php\/wp-json\/wp\/v2\/posts\/15583\/revisions"}],"wp:featuredmedia":[{"embeddable":true,"href":"https:\/\/cdnoticias.com\/index.php\/wp-json\/wp\/v2\/media\/15587"}],"wp:attachment":[{"href":"https:\/\/cdnoticias.com\/index.php\/wp-json\/wp\/v2\/media?parent=15583"}],"wp:term":[{"taxonomy":"category","embeddable":true,"href":"https:\/\/cdnoticias.com\/index.php\/wp-json\/wp\/v2\/categories?post=15583"},{"taxonomy":"post_tag","embeddable":true,"href":"https:\/\/cdnoticias.com\/index.php\/wp-json\/wp\/v2\/tags?post=15583"}],"curies":[{"name":"wp","href":"https:\/\/api.w.org\/{rel}","templated":true}]}}