{"id":15575,"date":"2021-03-08T09:38:59","date_gmt":"2021-03-08T12:38:59","guid":{"rendered":"http:\/\/www.centraldenoticias.com.ar\/?p=15575"},"modified":"2021-03-08T09:54:30","modified_gmt":"2021-03-08T12:54:30","slug":"crece-el-escandalo-en-azul-por-graves-irregularidades-en-la-vacunacion-por-covid","status":"publish","type":"post","link":"https:\/\/cdnoticias.com\/index.php\/2021\/03\/08\/crece-el-escandalo-en-azul-por-graves-irregularidades-en-la-vacunacion-por-covid\/","title":{"rendered":"Crece el esc\u00e1ndalo en Azul por graves irregularidades en la vacunaci\u00f3n por COVID"},"content":{"rendered":"<p>Una enfermera denunci\u00f3 que fue \u201ctestigo ocular\u201d de la manipulaci\u00f3n de listados de vacunados. Habr\u00eda, seg\u00fan sus dichos, cuatro implicados que vacunaba a \u201cfamiliares y amigos\u201d.<!--more--><\/p>\n<hr \/>\n<p>Tras una denuncia que se conoci\u00f3 el pasado s\u00e1bado,<strong> el esc\u00e1ndalo por irregularidades en la vacunaci\u00f3n de Azul crece con el correr de las horas: una enfermera denunci\u00f3 a cuatro coordinadores de la vacunaci\u00f3n por aplicar dosis a \u201cfamiliares y amigos\u201d.<\/strong><\/p>\n<p>&nbsp;<\/p>\n<p>Seg\u00fan lo que informan portales de la vecina ciudad,<strong> dicha enfermera result\u00f3 ser \u201ctestigo ocular\u201d de la manipulaci\u00f3n de varios listados emitidos por el Ministerio de Salud con los turnos.<\/strong> La metodolog\u00eda, seg\u00fan se explic\u00f3, constaba de <strong>reemplazar a pacientes que se encuentran ausentes por turno por <em>\u201callegados, familiares y amigos de los directivos del personal jer\u00e1rquico del nosocomio\u201d.<\/em><\/strong><\/p>\n<p>&nbsp;<\/p>\n<blockquote><p>Entre los acusados, se encuentra Mar\u00eda Silvia Tucci, encargada de las vacunas Covid y del vacunatorio en general; el Director Asociado Luis Tonel, contador p\u00fablico, encargado del turnero de vacunaci\u00f3n, y de las vacunas Covid; junto con el Dr. Couste N\u00e9stor Jos\u00e9, pediatra y director oficial del materno infantil de Azul; y Mar\u00eda De Los \u00c1ngeles Silva, jefa jer\u00e1rquica de RR.HH.<\/p><\/blockquote>\n<p>&nbsp;<\/p>\n<p>La enfermera explic\u00f3 que el protocolo de funcionamiento deja en claro que aquellos que se ausenten con turno, las dosis quedan \u201cen suspenso\u201d dado que as\u00ed lo establece el Ministerio. Es decir:<strong> se coordina nuevamente y se aplica horas o d\u00edas despu\u00e9s.<\/strong><\/p>\n<p>&nbsp;<\/p>\n<p>Al se\u00f1alar que se deb\u00eda convocar a los siguientes en los turnos, <strong>la encargada de la vacunaci\u00f3n \u201cse lo prohib\u00eda\u201d y en ese contexto se convocaban a otras personas que no ten\u00edan turno y, adem\u00e1s, eran allegadas y amigas de los funcionarios.<\/strong><\/p>\n<p>&nbsp;<\/p>\n<p>Alrededor de <strong>20 personas que est\u00e1n fuera del plan de vacunaci\u00f3n fueron al centro de salud el 3 de marzo, entre las 6 y las 13 horas para recibir una dosis<\/strong>, y la misma enfermera anot\u00f3 los datos, a la vez que afirm\u00f3 que todos fueron debidamente cargados en el RESAPRO (registro oficial de carga del Ministerio).<\/p>\n<p>&nbsp;<\/p>\n<p>Por otro lado, denunci\u00f3 que el d\u00eda 2 de marzo, le llam\u00f3 la atenci\u00f3n que una empleada dom\u00e9stica y un abogado fueran vacunados con el mismo procedimiento irregular,<strong> sin estar comprendidos en el rango etario habilitado, ni siendo personal de riesgo.<\/strong><\/p>\n<p>&nbsp;<\/p>\n<p>&nbsp;<\/p>\n<p>Adem\u00e1s, <strong>la enfermera denunciante dej\u00f3 en claro que recibi\u00f3 afirmaciones del tipo <em>\u201cVos sos ciega, sorda y muda, callada hace lo que te digo\u201d<\/em><\/strong> y ante esa situaci\u00f3n, explic\u00f3 que tiene miedo a represalias laborales.<\/p>\n<p>&nbsp;<\/p>\n<p>Por lo pronto,<strong> en la denuncia se solicita que funcionarios provinciales se acerquen a la ciudad vecina para controlar con mayor certeza<\/strong> y que \u201clos azule\u00f1os tengan la vacunaci\u00f3n que merecen y corresponden\u201d.<\/p>\n<p>&nbsp;<\/p>\n<p><em>Foto: Diario El Tiempo<\/em><\/p>\n<p><em>Informaci\u00f3n: Noticias de Azul<\/em><\/p>\n","protected":false},"excerpt":{"rendered":"<p>Una enfermera denunci\u00f3 que fue \u201ctestigo ocular\u201d de la manipulaci\u00f3n de listados de vacunados. Habr\u00eda, seg\u00fan sus dichos, cuatro implicados<\/p>\n","protected":false},"author":2,"featured_media":15576,"comment_status":"closed","ping_status":"closed","sticky":false,"template":"","format":"standard","meta":{"_jetpack_memberships_contains_paid_content":false,"footnotes":""},"categories":[6,1],"tags":[],"class_list":["post-15575","post","type-post","status-publish","format-standard","has-post-thumbnail","hentry","category-nacionales","category-portada"],"jetpack_featured_media_url":"https:\/\/i0.wp.com\/cdnoticias.com\/wp-content\/uploads\/2021\/03\/1615177581.jpeg?fit=948%2C533&ssl=1","jetpack_sharing_enabled":true,"_links":{"self":[{"href":"https:\/\/cdnoticias.com\/index.php\/wp-json\/wp\/v2\/posts\/15575","targetHints":{"allow":["GET"]}}],"collection":[{"href":"https:\/\/cdnoticias.com\/index.php\/wp-json\/wp\/v2\/posts"}],"about":[{"href":"https:\/\/cdnoticias.com\/index.php\/wp-json\/wp\/v2\/types\/post"}],"author":[{"embeddable":true,"href":"https:\/\/cdnoticias.com\/index.php\/wp-json\/wp\/v2\/users\/2"}],"replies":[{"embeddable":true,"href":"https:\/\/cdnoticias.com\/index.php\/wp-json\/wp\/v2\/comments?post=15575"}],"version-history":[{"count":0,"href":"https:\/\/cdnoticias.com\/index.php\/wp-json\/wp\/v2\/posts\/15575\/revisions"}],"wp:featuredmedia":[{"embeddable":true,"href":"https:\/\/cdnoticias.com\/index.php\/wp-json\/wp\/v2\/media\/15576"}],"wp:attachment":[{"href":"https:\/\/cdnoticias.com\/index.php\/wp-json\/wp\/v2\/media?parent=15575"}],"wp:term":[{"taxonomy":"category","embeddable":true,"href":"https:\/\/cdnoticias.com\/index.php\/wp-json\/wp\/v2\/categories?post=15575"},{"taxonomy":"post_tag","embeddable":true,"href":"https:\/\/cdnoticias.com\/index.php\/wp-json\/wp\/v2\/tags?post=15575"}],"curies":[{"name":"wp","href":"https:\/\/api.w.org\/{rel}","templated":true}]}}