{"id":15572,"date":"2021-03-08T08:49:48","date_gmt":"2021-03-08T11:49:48","guid":{"rendered":"http:\/\/www.centraldenoticias.com.ar\/?p=15572"},"modified":"2021-03-08T08:49:48","modified_gmt":"2021-03-08T11:49:48","slug":"proyecto-sobre-educacion-y-trabajo-de-la-comunidad-trans-travesti","status":"publish","type":"post","link":"https:\/\/cdnoticias.com\/index.php\/2021\/03\/08\/proyecto-sobre-educacion-y-trabajo-de-la-comunidad-trans-travesti\/","title":{"rendered":"Proyecto sobre educaci\u00f3n y trabajo de la comunidad trans travesti"},"content":{"rendered":"<p>Son los ejes de un proyecto que se presentar\u00e1 en la Unicen este martes en el marco del 8M en Olavarr\u00eda.<!--more--><\/p>\n<hr \/>\n<p>En el marco de las actividades impulsadas por el 8M se presentar\u00e1 el proyecto \u201cCupo laboral y acceso a la educaci\u00f3n inicial, media y superior de la comunidad travesti-trans en la Unicen\u201d.<\/p>\n<p>Ser\u00e1 este martes desde las 16 a trav\u00e9s de la aplicaci\u00f3n Zoom.<\/p>\n","protected":false},"excerpt":{"rendered":"<p>Son los ejes de un proyecto que se presentar\u00e1 en la Unicen este martes en el marco del 8M en<\/p>\n","protected":false},"author":4,"featured_media":15573,"comment_status":"closed","ping_status":"closed","sticky":false,"template":"","format":"standard","meta":{"_jetpack_memberships_contains_paid_content":false,"footnotes":""},"categories":[3,1],"tags":[],"class_list":["post-15572","post","type-post","status-publish","format-standard","has-post-thumbnail","hentry","category-genero","category-portada"],"jetpack_featured_media_url":"https:\/\/i0.wp.com\/cdnoticias.com\/wp-content\/uploads\/2021\/03\/cupo-laboral-trans.jpeg?fit=1280%2C1016&ssl=1","jetpack_sharing_enabled":true,"_links":{"self":[{"href":"https:\/\/cdnoticias.com\/index.php\/wp-json\/wp\/v2\/posts\/15572","targetHints":{"allow":["GET"]}}],"collection":[{"href":"https:\/\/cdnoticias.com\/index.php\/wp-json\/wp\/v2\/posts"}],"about":[{"href":"https:\/\/cdnoticias.com\/index.php\/wp-json\/wp\/v2\/types\/post"}],"author":[{"embeddable":true,"href":"https:\/\/cdnoticias.com\/index.php\/wp-json\/wp\/v2\/users\/4"}],"replies":[{"embeddable":true,"href":"https:\/\/cdnoticias.com\/index.php\/wp-json\/wp\/v2\/comments?post=15572"}],"version-history":[{"count":0,"href":"https:\/\/cdnoticias.com\/index.php\/wp-json\/wp\/v2\/posts\/15572\/revisions"}],"wp:featuredmedia":[{"embeddable":true,"href":"https:\/\/cdnoticias.com\/index.php\/wp-json\/wp\/v2\/media\/15573"}],"wp:attachment":[{"href":"https:\/\/cdnoticias.com\/index.php\/wp-json\/wp\/v2\/media?parent=15572"}],"wp:term":[{"taxonomy":"category","embeddable":true,"href":"https:\/\/cdnoticias.com\/index.php\/wp-json\/wp\/v2\/categories?post=15572"},{"taxonomy":"post_tag","embeddable":true,"href":"https:\/\/cdnoticias.com\/index.php\/wp-json\/wp\/v2\/tags?post=15572"}],"curies":[{"name":"wp","href":"https:\/\/api.w.org\/{rel}","templated":true}]}}