{"id":15568,"date":"2021-03-08T08:39:31","date_gmt":"2021-03-08T11:39:31","guid":{"rendered":"http:\/\/www.centraldenoticias.com.ar\/?p=15568"},"modified":"2021-03-08T09:39:13","modified_gmt":"2021-03-08T12:39:13","slug":"olavarrienses-acudieron-al-encuentro-de-mujeres-de-protagonismo-radical","status":"publish","type":"post","link":"https:\/\/cdnoticias.com\/index.php\/2021\/03\/08\/olavarrienses-acudieron-al-encuentro-de-mujeres-de-protagonismo-radical\/","title":{"rendered":"Olavarrienses acudieron al encuentro de Mujeres de Protagonismo Radical"},"content":{"rendered":"<p>En el marco del D\u00eda Internacional de la Mujer, el espacio que lleva como candidato a Gustavo Posse para presidir la UCR bonaerense se reunieron en Ituzaing\u00f3.<!--more--><\/p>\n<hr \/>\n<p>Con el D\u00eda Internacional de la Mujer como marco, <strong>las mujeres radicales que integran el espacio que lleva como candidato a Gustavo Posse para presidir la UCR Bonaerense se dieron cita en Ituzaing\u00f3<\/strong> donde, adem\u00e1s de expresar su respaldo a la lista 14, discutieron y debatieron en diversos talleres y espacios de reflexi\u00f3n sobre pol\u00edticas p\u00fablicas con perspectiva de g\u00e9nero.<\/p>\n<p>&nbsp;<\/p>\n<blockquote><p>Estuvieron representando a la lista 114 de Olavarr\u00eda la candidata a vicepresidente, Bel\u00e9n Vergel; la candidata a tesorera, Luc\u00eda Pereira; y la candidata a convencional provincial, Mar\u00eda Jos\u00e9 Laurenz.<\/p><\/blockquote>\n<p>&nbsp;<\/p>\n<p><img data-recalc-dims=\"1\" loading=\"lazy\" decoding=\"async\" class=\"alignnone size-full wp-image-15570\" src=\"https:\/\/i0.wp.com\/cdnoticias.com\/wp-content\/uploads\/2021\/03\/FB_IMG_1615134862850.jpg?resize=800%2C450&#038;ssl=1\" alt=\"\" width=\"800\" height=\"450\" srcset=\"https:\/\/i0.wp.com\/cdnoticias.com\/wp-content\/uploads\/2021\/03\/FB_IMG_1615134862850.jpg?w=1080&amp;ssl=1 1080w, https:\/\/i0.wp.com\/cdnoticias.com\/wp-content\/uploads\/2021\/03\/FB_IMG_1615134862850.jpg?resize=300%2C169&amp;ssl=1 300w, https:\/\/i0.wp.com\/cdnoticias.com\/wp-content\/uploads\/2021\/03\/FB_IMG_1615134862850.jpg?resize=768%2C432&amp;ssl=1 768w, https:\/\/i0.wp.com\/cdnoticias.com\/wp-content\/uploads\/2021\/03\/FB_IMG_1615134862850.jpg?resize=1024%2C576&amp;ssl=1 1024w\" sizes=\"auto, (max-width: 800px) 100vw, 800px\" \/><\/p>\n<p>&nbsp;<\/p>\n<p><strong>El encuentro fue encabezado por Danya Tavela, candidata a vicepresidente del Comit\u00e9 Provincial de la UCR<\/strong>; la diputada nacional, Carla Carrizo; la candidata a convencional nacional, Liliana Denot; las candidatas a delegada al Comit\u00e9 nacional, Carmen Storani y Adriana L\u00f3pez y la candidata a Tesorera, Adriana Ginnobili, entre centenares de dirigentes y militantes.<\/p>\n<p>&nbsp;<\/p>\n<p><em>&#8220;Las mujeres que conformamos Protagonismo Radical nos reunimos para<strong> discutir pol\u00edticas p\u00fablicas con perspectiva de g\u00e9nero.<\/strong> No construimos la victoria de nadie, sino que construimos la Uni\u00f3n C\u00edvica Radical para todos los argentinos&#8221;<\/em>, expres\u00f3 Tavela.<\/p>\n","protected":false},"excerpt":{"rendered":"<p>En el marco del D\u00eda Internacional de la Mujer, el espacio que lleva como candidato a Gustavo Posse para presidir<\/p>\n","protected":false},"author":2,"featured_media":15569,"comment_status":"closed","ping_status":"closed","sticky":false,"template":"","format":"standard","meta":{"_jetpack_memberships_contains_paid_content":false,"footnotes":""},"categories":[4,1],"tags":[],"class_list":["post-15568","post","type-post","status-publish","format-standard","has-post-thumbnail","hentry","category-politica","category-portada"],"jetpack_featured_media_url":"https:\/\/i0.wp.com\/cdnoticias.com\/wp-content\/uploads\/2021\/03\/FB_IMG_1615148139718.jpg?fit=720%2C480&ssl=1","jetpack_sharing_enabled":true,"_links":{"self":[{"href":"https:\/\/cdnoticias.com\/index.php\/wp-json\/wp\/v2\/posts\/15568","targetHints":{"allow":["GET"]}}],"collection":[{"href":"https:\/\/cdnoticias.com\/index.php\/wp-json\/wp\/v2\/posts"}],"about":[{"href":"https:\/\/cdnoticias.com\/index.php\/wp-json\/wp\/v2\/types\/post"}],"author":[{"embeddable":true,"href":"https:\/\/cdnoticias.com\/index.php\/wp-json\/wp\/v2\/users\/2"}],"replies":[{"embeddable":true,"href":"https:\/\/cdnoticias.com\/index.php\/wp-json\/wp\/v2\/comments?post=15568"}],"version-history":[{"count":0,"href":"https:\/\/cdnoticias.com\/index.php\/wp-json\/wp\/v2\/posts\/15568\/revisions"}],"wp:featuredmedia":[{"embeddable":true,"href":"https:\/\/cdnoticias.com\/index.php\/wp-json\/wp\/v2\/media\/15569"}],"wp:attachment":[{"href":"https:\/\/cdnoticias.com\/index.php\/wp-json\/wp\/v2\/media?parent=15568"}],"wp:term":[{"taxonomy":"category","embeddable":true,"href":"https:\/\/cdnoticias.com\/index.php\/wp-json\/wp\/v2\/categories?post=15568"},{"taxonomy":"post_tag","embeddable":true,"href":"https:\/\/cdnoticias.com\/index.php\/wp-json\/wp\/v2\/tags?post=15568"}],"curies":[{"name":"wp","href":"https:\/\/api.w.org\/{rel}","templated":true}]}}