{"id":15565,"date":"2021-03-08T09:54:10","date_gmt":"2021-03-08T12:54:10","guid":{"rendered":"http:\/\/www.centraldenoticias.com.ar\/?p=15565"},"modified":"2021-03-08T11:22:46","modified_gmt":"2021-03-08T14:22:46","slug":"8m-en-olavarria-hoy-nos-tenemos-entre-nosotras","status":"publish","type":"post","link":"https:\/\/cdnoticias.com\/index.php\/2021\/03\/08\/8m-en-olavarria-hoy-nos-tenemos-entre-nosotras\/","title":{"rendered":"8M en Olavarr\u00eda: \u201cHoy nos tenemos entre nosotras\u201d"},"content":{"rendered":"<p>Con una performance frente a la sede del Poder Judicial, la Asamblea Feminista Olavarr\u00eda abri\u00f3 la jornada de actividades del 8M. El recuerdo de 25 v\u00edctimas fatales de violencia de g\u00e9nero local, la indiferencia de la justicia, los feminismos que reivindican.<!--more--><\/p>\n<hr \/>\n<p>El 8M en Olavarr\u00eda comenz\u00f3 en la ma\u00f1ana de este lunes con una representaci\u00f3n frente a la sede del Poder Judicial local que busc\u00f3 traer al recuerdo las v\u00edctimas de violencia de g\u00e9nero local, la indiferencia de la justicia y de la sociedad ante sus llamados de atenci\u00f3n, y el rol de los feminismos que las reivindican.<\/p>\n<p>&nbsp;<\/p>\n<p>Hubo un importante e imponente operativo policial en los alrededores del lugar, que se movilizaron a medida que transcurr\u00edan los minutos previos al inicio de la intervenci\u00f3n.<\/p>\n<p>&nbsp;<\/p>\n<blockquote><p>\u201cHoy nos tenemos entre nosotras\u201d resonaron las voces de todos los personajes.<\/p><\/blockquote>\n<p>&nbsp;<\/p>\n<p>La performance inici\u00f3 con<strong> la llegada de 25 mujeres, v\u00edctimas fatales de violencia de g\u00e9nero -mujeres, travestis, ni\u00f1os y ni\u00f1as- representadas por personajes con ropas blancas.<\/strong><\/p>\n<p>&nbsp;<\/p>\n<p><img data-recalc-dims=\"1\" loading=\"lazy\" decoding=\"async\" class=\"alignnone size-full wp-image-15579\" src=\"https:\/\/i0.wp.com\/cdnoticias.com\/wp-content\/uploads\/2021\/03\/intervencion8m-fiscalia.jpg?resize=800%2C600&#038;ssl=1\" alt=\"\" width=\"800\" height=\"600\" srcset=\"https:\/\/i0.wp.com\/cdnoticias.com\/wp-content\/uploads\/2021\/03\/intervencion8m-fiscalia.jpg?w=1040&amp;ssl=1 1040w, https:\/\/i0.wp.com\/cdnoticias.com\/wp-content\/uploads\/2021\/03\/intervencion8m-fiscalia.jpg?resize=300%2C225&amp;ssl=1 300w, https:\/\/i0.wp.com\/cdnoticias.com\/wp-content\/uploads\/2021\/03\/intervencion8m-fiscalia.jpg?resize=768%2C576&amp;ssl=1 768w, https:\/\/i0.wp.com\/cdnoticias.com\/wp-content\/uploads\/2021\/03\/intervencion8m-fiscalia.jpg?resize=1024%2C768&amp;ssl=1 1024w\" sizes=\"auto, (max-width: 800px) 100vw, 800px\" \/><\/p>\n<p>&nbsp;<\/p>\n<p>Todas llegaron hasta el edificio de calle Rufino Fal donde <strong>tocaron una campana y luego se desplomaron.<\/strong><\/p>\n<p>&nbsp;<\/p>\n<p>Con las 25 muertes representadas, una voz trajo los mensajes del resto de la sociedad. <strong>Se\u00f1al\u00f3 los \u201c25 gritos y llantos, miles de silencios\u201d para retomar los juicios que suelen darse ante los casos individuales: <em>\u201cella debi\u00f3 dejarlo\u201d, \u201cella debi\u00f3 callar\u201d, \u201cella, mala madre\u201d, \u201celle travesti\u201d, \u201cese no s\u00e9 qui\u00e9n es\u201d<\/em>.<\/strong><\/p>\n<p>&nbsp;<\/p>\n<blockquote><p>\u201cNosotros callamos, juzgamos, ignoramos, desestimamos\u201d repas\u00f3 la voz sobre las actitudes de la Justicia.<\/p><\/blockquote>\n<p>&nbsp;<\/p>\n<p>Ante la escena, tomaron protagonismo los feminismos. <strong>Mujeres j\u00f3venes, adultas y adultas mayores, con vestuario violeta se reconocieron entre s\u00ed y comenzaron a levantar la memoria de las personas ca\u00eddas.<\/strong><\/p>\n<p>&nbsp;<\/p>\n<p><img data-recalc-dims=\"1\" loading=\"lazy\" decoding=\"async\" class=\"alignnone size-full wp-image-15581\" src=\"https:\/\/i0.wp.com\/cdnoticias.com\/wp-content\/uploads\/2021\/03\/intervencion8m-fiscalia2.jpg?resize=800%2C600&#038;ssl=1\" alt=\"\" width=\"800\" height=\"600\" srcset=\"https:\/\/i0.wp.com\/cdnoticias.com\/wp-content\/uploads\/2021\/03\/intervencion8m-fiscalia2.jpg?w=1040&amp;ssl=1 1040w, https:\/\/i0.wp.com\/cdnoticias.com\/wp-content\/uploads\/2021\/03\/intervencion8m-fiscalia2.jpg?resize=300%2C225&amp;ssl=1 300w, https:\/\/i0.wp.com\/cdnoticias.com\/wp-content\/uploads\/2021\/03\/intervencion8m-fiscalia2.jpg?resize=768%2C576&amp;ssl=1 768w, https:\/\/i0.wp.com\/cdnoticias.com\/wp-content\/uploads\/2021\/03\/intervencion8m-fiscalia2.jpg?resize=1024%2C768&amp;ssl=1 1024w\" sizes=\"auto, (max-width: 800px) 100vw, 800px\" \/><\/p>\n<p>&nbsp;<\/p>\n<p><em>\u201cTe levanto. Me levanto junto a vos porque est\u00e1s en mi memoria y a\u00fan habit\u00e1s las calles\u201d<\/em> expres\u00f3 la voz mientras tanto.\u00a0\u201c<strong><em>Hoy nos levantamos de entre las cenizas. Hoy nos tenemos entre nosotras\u201d<\/em><\/strong> sigui\u00f3.<\/p>\n<p>&nbsp;<\/p>\n<p>En el cierre, todos los personajes fueron un coro:<strong><em> \u201c\u00a1hoy nos tenemos entre nosotras!\u201d.<\/em><\/strong><\/p>\n","protected":false},"excerpt":{"rendered":"<p>Con una performance frente a la sede del Poder Judicial, la Asamblea Feminista Olavarr\u00eda abri\u00f3 la jornada de actividades del<\/p>\n","protected":false},"author":4,"featured_media":15580,"comment_status":"closed","ping_status":"closed","sticky":false,"template":"","format":"standard","meta":{"_jetpack_memberships_contains_paid_content":false,"footnotes":""},"categories":[3,1],"tags":[],"class_list":["post-15565","post","type-post","status-publish","format-standard","has-post-thumbnail","hentry","category-genero","category-portada"],"jetpack_featured_media_url":"https:\/\/i0.wp.com\/cdnoticias.com\/wp-content\/uploads\/2021\/03\/intervencion8m-fiscalia1.jpg?fit=1040%2C780&ssl=1","jetpack_sharing_enabled":true,"_links":{"self":[{"href":"https:\/\/cdnoticias.com\/index.php\/wp-json\/wp\/v2\/posts\/15565","targetHints":{"allow":["GET"]}}],"collection":[{"href":"https:\/\/cdnoticias.com\/index.php\/wp-json\/wp\/v2\/posts"}],"about":[{"href":"https:\/\/cdnoticias.com\/index.php\/wp-json\/wp\/v2\/types\/post"}],"author":[{"embeddable":true,"href":"https:\/\/cdnoticias.com\/index.php\/wp-json\/wp\/v2\/users\/4"}],"replies":[{"embeddable":true,"href":"https:\/\/cdnoticias.com\/index.php\/wp-json\/wp\/v2\/comments?post=15565"}],"version-history":[{"count":0,"href":"https:\/\/cdnoticias.com\/index.php\/wp-json\/wp\/v2\/posts\/15565\/revisions"}],"wp:featuredmedia":[{"embeddable":true,"href":"https:\/\/cdnoticias.com\/index.php\/wp-json\/wp\/v2\/media\/15580"}],"wp:attachment":[{"href":"https:\/\/cdnoticias.com\/index.php\/wp-json\/wp\/v2\/media?parent=15565"}],"wp:term":[{"taxonomy":"category","embeddable":true,"href":"https:\/\/cdnoticias.com\/index.php\/wp-json\/wp\/v2\/categories?post=15565"},{"taxonomy":"post_tag","embeddable":true,"href":"https:\/\/cdnoticias.com\/index.php\/wp-json\/wp\/v2\/tags?post=15565"}],"curies":[{"name":"wp","href":"https:\/\/api.w.org\/{rel}","templated":true}]}}