{"id":15557,"date":"2021-03-07T21:12:28","date_gmt":"2021-03-08T00:12:28","guid":{"rendered":"http:\/\/www.centraldenoticias.com.ar\/?p=15557"},"modified":"2021-03-07T21:12:28","modified_gmt":"2021-03-08T00:12:28","slug":"el-informe-anual-de-transito-del-municipio-bajo-la-lupa","status":"publish","type":"post","link":"https:\/\/cdnoticias.com\/index.php\/2021\/03\/07\/el-informe-anual-de-transito-del-municipio-bajo-la-lupa\/","title":{"rendered":"El informe anual de tr\u00e1nsito del municipio bajo la lupa"},"content":{"rendered":"<p>Por Marcos Pascua (*)<br \/>\n<!--more--><\/p>\n<hr \/>\n<p>El d\u00eda jueves se publicaron en la p\u00e1gina del municipio las cifras de los siniestros viales del a\u00f1o 2020 en la ciudad, relevamiento que realiz\u00f3 la Direcci\u00f3n de Acci\u00f3n y Control Urbano.<\/p>\n<p>&nbsp;<\/p>\n<p>Seg\u00fan los datos publicados durante <strong>2020<\/strong> se produjeron <strong>754 siniestros viales<\/strong>, de los cuales <strong>382 <\/strong>(70%) dejaron <strong>personas heridas<\/strong>.<\/p>\n<p>&nbsp;<\/p>\n<p><img data-recalc-dims=\"1\" loading=\"lazy\" decoding=\"async\" class=\"alignnone size-full wp-image-15558\" src=\"https:\/\/i0.wp.com\/cdnoticias.com\/wp-content\/uploads\/2021\/03\/informe-anual-seguridad-vial.png?resize=800%2C1422&#038;ssl=1\" alt=\"\" width=\"800\" height=\"1422\" srcset=\"https:\/\/i0.wp.com\/cdnoticias.com\/wp-content\/uploads\/2021\/03\/informe-anual-seguridad-vial.png?w=1080&amp;ssl=1 1080w, https:\/\/i0.wp.com\/cdnoticias.com\/wp-content\/uploads\/2021\/03\/informe-anual-seguridad-vial.png?resize=169%2C300&amp;ssl=1 169w, https:\/\/i0.wp.com\/cdnoticias.com\/wp-content\/uploads\/2021\/03\/informe-anual-seguridad-vial.png?resize=768%2C1365&amp;ssl=1 768w, https:\/\/i0.wp.com\/cdnoticias.com\/wp-content\/uploads\/2021\/03\/informe-anual-seguridad-vial.png?resize=576%2C1024&amp;ssl=1 576w\" sizes=\"auto, (max-width: 800px) 100vw, 800px\" \/><\/p>\n<p>&nbsp;<\/p>\n<p><strong>Los autom\u00f3viles: protagonistas centrales<\/strong><\/p>\n<p>&nbsp;<\/p>\n<p>En la mayor\u00eda de los siniestros estuvieron presentes los autom\u00f3viles, participando del <strong>59,2% de los siniestros<\/strong> promedio, siendo el mes de junio donde menos involucrados se vieron con un porcentaje del 47,4%, llegando a valores m\u00e1ximos en septiembre con una incidencia del 65,5%. Los autom\u00f3viles son los veh\u00edculos de mayor presencia en el parque automotor, por eso es l\u00f3gico que se encuentren presentes en la mayor\u00eda de los siniestros.<\/p>\n<p>&nbsp;<\/p>\n<p><strong>V\u00edctimas<\/strong><\/p>\n<p>&nbsp;<\/p>\n<p>De los 382 eventos con heridos, <strong>la cantidad de personas que ingresaron al Hospital fueron 465<\/strong>. Analizando estos datos, tenemos que el <strong>2,9%<\/strong> corresponden a <strong>peatones<\/strong>, <strong>12,2% bicicletas, 52,4% motos, 31% autos y 1,5% a transporte pesado<\/strong>.<\/p>\n<p>&nbsp;<\/p>\n<p>Adem\u00e1s, se refleja un aumento considerable del porcentaje de heridos en motocicleta, pas\u00f3 de un 30% del total de los heridos en 2019 a un 52,4%, debido al aumento de la circulaci\u00f3n en pandemia de motoveh\u00edculos, mayor cantidad de deliverys, por las caracter\u00edsticas de la situaci\u00f3n vivida en el a\u00f1o pasado donde el mayor porcentaje de heridos de ese tipo de veh\u00edculos se observa en los meses de abril y julio.<\/p>\n<p>&nbsp;<\/p>\n<p>La moto es uno de los veh\u00edculos que m\u00e1s expuesto deja a quien conduce, a diferencia del auto, no cuenta con una carrocer\u00eda que absorba la energ\u00eda del impacto en caso de un siniestro, lo que aumenta las probabilidades de que la persona que conduce la moto sea un herido grave o a en muchos casos una v\u00edctima fatal.<\/p>\n<p>&nbsp;<\/p>\n<p>Adem\u00e1s, se inform\u00f3 que los <strong>fallecidos<\/strong> del a\u00f1o 2020 fueron <strong>12<\/strong> personas (2 en ruta, 7 en zona urbana y 3 en caminos rurales).<\/p>\n<p>&nbsp;<\/p>\n<p><img data-recalc-dims=\"1\" loading=\"lazy\" decoding=\"async\" class=\"alignnone size-full wp-image-11325\" src=\"https:\/\/i0.wp.com\/cdnoticias.com\/wp-content\/uploads\/2021\/01\/accidente-ruta-3.jpg?resize=800%2C533&#038;ssl=1\" alt=\"\" width=\"800\" height=\"533\" srcset=\"https:\/\/i0.wp.com\/cdnoticias.com\/wp-content\/uploads\/2021\/01\/accidente-ruta-3.jpg?w=4608&amp;ssl=1 4608w, https:\/\/i0.wp.com\/cdnoticias.com\/wp-content\/uploads\/2021\/01\/accidente-ruta-3.jpg?resize=300%2C200&amp;ssl=1 300w, https:\/\/i0.wp.com\/cdnoticias.com\/wp-content\/uploads\/2021\/01\/accidente-ruta-3.jpg?resize=768%2C512&amp;ssl=1 768w, https:\/\/i0.wp.com\/cdnoticias.com\/wp-content\/uploads\/2021\/01\/accidente-ruta-3.jpg?resize=1024%2C683&amp;ssl=1 1024w, https:\/\/i0.wp.com\/cdnoticias.com\/wp-content\/uploads\/2021\/01\/accidente-ruta-3.jpg?resize=272%2C182&amp;ssl=1 272w, https:\/\/i0.wp.com\/cdnoticias.com\/wp-content\/uploads\/2021\/01\/accidente-ruta-3.jpg?w=1600&amp;ssl=1 1600w, https:\/\/i0.wp.com\/cdnoticias.com\/wp-content\/uploads\/2021\/01\/accidente-ruta-3.jpg?w=2400&amp;ssl=1 2400w\" sizes=\"auto, (max-width: 800px) 100vw, 800px\" \/><\/p>\n<p>&nbsp;<\/p>\n<p><strong>Distribuci\u00f3n mensual<\/strong><\/p>\n<p>&nbsp;<\/p>\n<p>Diciembre fue el mes con m\u00e1s siniestros registrados con 85, luego aparecen febrero y noviembre con 72 y en tercer lugar septiembre y octubre con 65, lo que muestra como la movilidad fue siguiendo el ritmo de las restricciones a la circulaci\u00f3n. A medida que se flexibilizaron las restricciones, mayor cantidad de movimiento en las calles, mayor cantidad de siniestros.<\/p>\n<p>&nbsp;<\/p>\n<p><strong>Distribuci\u00f3n zonal<\/strong><\/p>\n<p>&nbsp;<\/p>\n<p>La <strong>mayor cantidad de siniestros<\/strong> se dieron en la zona de <strong>microcentro y centro<\/strong>, lo que responde claramente a la movilidad de nuestra ciudad, con una concentraci\u00f3n de actividades en la zona c\u00e9ntrica, en el caso del a\u00f1o pasado se registraron all\u00ed el <strong>36,3% <\/strong>de los siniestros. Las calles con mayor cantidad de colisiones fueron Alsina con 20, Rivadavia con 19, Lamadrid con 17, Necochea con 16 y 25 de mayo con 15.<\/p>\n<p>&nbsp;<\/p>\n<p><strong>Barrio Luj\u00e1n<\/strong> es quien le sigue en cantidad de siniestros, el <strong>11%<\/strong> se dieron en esta zona siendo Urquiza y Bol\u00edvar y Urquiza y Sargento Cabral las intersecciones con m\u00e1s colisiones. <strong>Pueblo Nuevo<\/strong> y<strong> Mariano Moreno<\/strong> son los barrios que contin\u00faan con el <strong>8%<\/strong> y el <strong>6%<\/strong> de los siniestros respectivamente.<\/p>\n<p>&nbsp;<\/p>\n<p><strong>Avenidas<\/strong><\/p>\n<p>&nbsp;<\/p>\n<p>La <strong>avenida Col\u00f3n<\/strong> es la avenida con mayor cantidad de siniestros registrados con 63, seguida por la <strong>avenida Del Valle<\/strong> con 58, <strong>Pringles<\/strong> con 41 y <strong>Urquiza <\/strong>con 40. En el caso de la intersecci\u00f3n de Pringles y Col\u00f3n es la que mayor cantidad de siniestros registra con 8 en total.<\/p>\n<p>&nbsp;<\/p>\n<p><img data-recalc-dims=\"1\" loading=\"lazy\" decoding=\"async\" class=\"alignnone size-full wp-image-8547\" src=\"https:\/\/i0.wp.com\/cdnoticias.com\/wp-content\/uploads\/2020\/12\/accidente-colon-lavalle01.jpg?resize=800%2C600&#038;ssl=1\" alt=\"\" width=\"800\" height=\"600\" srcset=\"https:\/\/i0.wp.com\/cdnoticias.com\/wp-content\/uploads\/2020\/12\/accidente-colon-lavalle01.jpg?w=1040&amp;ssl=1 1040w, https:\/\/i0.wp.com\/cdnoticias.com\/wp-content\/uploads\/2020\/12\/accidente-colon-lavalle01.jpg?resize=300%2C225&amp;ssl=1 300w, https:\/\/i0.wp.com\/cdnoticias.com\/wp-content\/uploads\/2020\/12\/accidente-colon-lavalle01.jpg?resize=768%2C576&amp;ssl=1 768w, https:\/\/i0.wp.com\/cdnoticias.com\/wp-content\/uploads\/2020\/12\/accidente-colon-lavalle01.jpg?resize=1024%2C768&amp;ssl=1 1024w\" sizes=\"auto, (max-width: 800px) 100vw, 800px\" \/><\/p>\n<p>&nbsp;<\/p>\n<p><strong>Franja etaria<\/strong><\/p>\n<p>&nbsp;<\/p>\n<p>Como sucede todos los a\u00f1os y es un reflejo de las estad\u00edsticas a nivel nacional, <strong>la mitad de los heridos fueron personas de entre 20 y 34 a\u00f1os<\/strong>, lo que responde a una falla en el proceso de obtenci\u00f3n la licencia, como quien suscribe ha detallado en notas anteriores, no existe un proceso de concientizaci\u00f3n para conductores novatos, quienes muchas veces terminan aprendiendo a conducir luego de obtener la licencia. Esta falla del Estado, sumado a la falta de apego a las reglas y a la subestimaci\u00f3n del riesgo que suele presentarse en las edades mencionadas hacen que sean los principales involucrados en siniestros.<\/p>\n<p>&nbsp;<\/p>\n<p><strong>Indicadores<\/strong><\/p>\n<p>&nbsp;<\/p>\n<p>Con estos n\u00fameros durante el a\u00f1o que pas\u00f3 los indicadores fueron los siguientes:<\/p>\n<p>&nbsp;<\/p>\n<ul>\n<li><strong>2,06<\/strong> siniestros por d\u00eda<\/li>\n<li><strong>14,23<\/strong> siniestros por semana<\/li>\n<li><strong>Tasa de mortalidad: 9,99 fallecidos <\/strong>por cada 100 000 habitantes<\/li>\n<li><strong>Tasa de morbilidad: 387 heridos <\/strong>por cada 100 000 habitantes<\/li>\n<li><strong>Tasa de siniestralidad: 627,53 siniestros <\/strong>por cada 100 000 habitantes<\/li>\n<\/ul>\n<p>&nbsp;<\/p>\n<p><strong>\u00bfC\u00f3mo estamos respecto a otras ciudades?<\/strong><\/p>\n<p>&nbsp;<\/p>\n<p>La comparaci\u00f3n resulta dif\u00edcil porque las estad\u00edsticas en otros municipios son escasas, o no existen o son de dif\u00edcil acceso, de lo poco que se puede encontrar se deduce lo siguiente:<\/p>\n<p>&nbsp;<\/p>\n<ul>\n<li>Uno de los municipios que public\u00f3 sus datos fue <strong>Jun\u00edn<\/strong>, que seg\u00fan un informe que se desprende de su <strong>Observatorio Vial<\/strong>, se produjeron <strong>871 siniestros con heridos durante 2020<\/strong>. El <strong>rango etario<\/strong> de mayor participaci\u00f3n en siniestros fue el de <strong>31 a 60 a\u00f1os<\/strong> de edad. En m\u00e1s del\u00a0<strong>90 por ciento de los casos<\/strong>, las colisiones se dan en la intersecci\u00f3n de calles y a plena luz del d\u00eda.<\/li>\n<\/ul>\n<p>&nbsp;<\/p>\n<ul>\n<li>Otro de los municipios que public\u00f3 en su p\u00e1gina web la cantidad de siniestros ocurridos durante 2020 fue el de <strong>Bah\u00eda Blanca<\/strong>, de all\u00ed se obtiene que se produjeron <strong>1590 siniestros viales,<\/strong> de los cuales <strong>7 <\/strong>fueron <strong>fatales<\/strong>. Estos datos dan una <strong>tasa de siniestralidad de 512,75 siniestros cada 100 000 habitantes<\/strong>, menor tasa que la de la ciudad de Olavarr\u00eda<strong>, <\/strong>en una ciudad que tiene m\u00e1s del doble de habitantes que nuestra ciudad.<\/li>\n<\/ul>\n<p>&nbsp;<\/p>\n<ul>\n<li>Otros datos que se pudieron conocer fueron las v\u00edctimas fatales en siniestros viales en <strong>Mar del Plata y La Plata, con 28 y 33 fallecidos<\/strong> <strong>en siniestros viales durante 2020 respectivamente<\/strong>, lo que permite obtener en el caso de la <strong>ciudad costera <\/strong>una tasa de mortalidad de <strong>4,27 fallecidos <\/strong>por cada 100 000 habitantes, mientras que para la capital de la provincia la tasa fue de <strong>4,62 fallecidos <\/strong>por cada 100 000 habitantes. Todas ciudades con mayor poblaci\u00f3n que Olavarr\u00eda.<\/li>\n<\/ul>\n<p>&nbsp;<\/p>\n<p><strong>\u00bfPor qu\u00e9 es importante la publicaci\u00f3n de estad\u00edsticas?<\/strong><\/p>\n<p>&nbsp;<\/p>\n<p>La siniestralidad vial es uno de los mayores desaf\u00edos que enfrentan las sociedades modernas, afecta directamente a la calidad de vida de las personas y trabajar en ello es una tarea de que debe ser abordada en forma integral por quienes tienen responsabilidad en el tema desde el \u00e1mbito p\u00fablico, privado y tambi\u00e9n desde la sociedad, por eso el acceso a la informaci\u00f3n es fundamental para que se puedan dise\u00f1ar en conjunto pol\u00edticas p\u00fablicas destinadas a la mitigaci\u00f3n de los siniestros viales.<\/p>\n<p>&nbsp;<\/p>\n<p><strong>Conclusiones<\/strong><\/p>\n<p>&nbsp;<\/p>\n<p>Como se puede ver, no muchos municipios cuentan con esta informaci\u00f3n a disposici\u00f3n de la ciudadan\u00eda en general, por eso la publicaci\u00f3n de este informe es un buen s\u00edntoma. Si bien las estad\u00edsticas presentadas nos dan un panorama de la siniestralidad vial en la ciudad, son incompletas debido a que no detallan puntos importantes como las <strong>causas de los siniestros<\/strong> y el <strong>tipo de impacto<\/strong>, dos puntos fundamentales a la hora de sacar conclusiones. Otro punto que no nos permite sacar conclusiones definitivas y certeras es que el a\u00f1o pasado fue un a\u00f1o at\u00edpico, pero de todas formas de lo presentado se puede sacar en limpio algunas cuestiones:<\/p>\n<p>&nbsp;<\/p>\n<ul>\n<li>La <strong>avenida Col\u00f3n<\/strong> presenta un gran problema, en su extensi\u00f3n <strong>desde Pellegrini hasta Ituzaing\u00f3<\/strong> tuvo al menos un siniestro por intersecci\u00f3n, siendo el mayor punto de conflicto su cruce con la avenida Pringles, donde la confluencia de dos avenidas con mucha circulaci\u00f3n, la velocidad a la que se circula y los cruces indebidos en el sem\u00e1foro hacen que sea una intersecci\u00f3n problem\u00e1tica. Puntos de conflicto a mencionar son las intersecciones de la avenida Col\u00f3n con las calles Espa\u00f1a y Laprida, ambas semaforizadas.<\/li>\n<\/ul>\n<p>&nbsp;<\/p>\n<ul>\n<li>La misma situaci\u00f3n presenta la <strong>avenida Del Valle<\/strong> con siniestros casi en forma consecutiva <strong>desde Pellegrini hasta Brown<\/strong>. El punto m\u00e1s sensible de esta avenida es su intersecci\u00f3n con la calle <strong>25 de Mayo<\/strong> donde la falta de visibilidad es uno de los mayores problemas, ya que quien circula por la calle debe adelantarse exponiendo su seguridad para garantizar la correcta visi\u00f3n a la hora de cruzar la avenida.<\/li>\n<\/ul>\n<p>&nbsp;<\/p>\n<ul>\n<li>Otra avenida conflictiva y de gran circulaci\u00f3n es la <strong>Pringles<\/strong>, sobre la cual se circula a alta velocidad y en la que en los \u00faltimos d\u00edas se han registrado siniestros por alcance, consecuencia de la circulaci\u00f3n a gran velocidad. Esta avenida tiene varios puntos conflicticos, uno de ellos es su intersecci\u00f3n con la calle <strong>Dorrego<\/strong>, similar a lo que sucede con la intersecci\u00f3n de 25 de Mayo y Del Valle, falta de visibilidad. Otros puntos conflictivos son las intersecciones con <strong>Bol\u00edvar<\/strong> y con la <strong>avenida Del Valle<\/strong>, en la primera, la velocidad tambi\u00e9n se encuentra presente, debido a la intenci\u00f3n de los conductores de querer llegar al sem\u00e1foro antes de que se proh\u00edba el cruce. Adem\u00e1s, es una de las pocas calles con conexi\u00f3n directa entre el centro y barrio Luj\u00e1n debido a la presencia del predio del ferrocarril, como consecuencia de eso es que se concentran muchos de los veh\u00edculos que salen del centro. En el caso de la <strong>avenida Del Valle<\/strong>, esta \u00faltima es una v\u00eda de gran circulaci\u00f3n, debido a que es el camino de muchos veh\u00edculos que se dirigen o regresan de la universidad, de la escuela t\u00e9cnica, de las localidades vecinas o de trabajar en los diferentes parques industriales o f\u00e1bricas que se encuentran fuera del casco urbano. El flujo de circulaci\u00f3n diario que se suma a una intersecci\u00f3n que no se termina de resolver debido a la presencia de una rotonda a metros de las v\u00edas del ferrocarril, en una zona de comercios que provoca en horarios pico embotellamientos recurrentes.<\/li>\n<\/ul>\n<p>&nbsp;<\/p>\n<ul>\n<li>La <strong>avenida Urquiza<\/strong> tambi\u00e9n tiene puntos de conflicto en su intersecci\u00f3n con la avenida <strong>Col\u00f3n<\/strong>, donde se produjeron 5 siniestros el a\u00f1o pasado. Adem\u00e1s, tiene problemas en su intersecci\u00f3n con la calle <strong>Sargento Cabral<\/strong>, debido en gran parte tambi\u00e9n a la falta de visibilidad para cruzar por la calle sumado a la alta velocidad a la que se circula sobre la avenida. La intersecci\u00f3n con <strong>Bol\u00edvar <\/strong>es otro punto de conflicto, donde sucede algo similar a lo que sucede en la intersecci\u00f3n de Bol\u00edvar y Pringles.<\/li>\n<\/ul>\n<p>&nbsp;<\/p>\n<ul>\n<li>Muchos de estos problemas, de circulaci\u00f3n a gran velocidad, falta de visibilidad y falta de apego a las reglas se replican tambi\u00e9n en las calles c\u00e9ntricas, donde se produjeron la mayor cantidad de colisiones.<\/li>\n<\/ul>\n<p>&nbsp;<\/p>\n<ul>\n<li>No s\u00f3lo hablamos de las v\u00edas donde ocurren siniestros, en el caso de <strong>Brown<\/strong>, la v\u00eda que costea al parque es una calle de gran circulaci\u00f3n donde el a\u00f1o pasado se registr\u00f3 una colisi\u00f3n. Es una calle en la que, por lo general, comparado con las otras v\u00edas se circula a menor velocidad, la inclusi\u00f3n del carril para bicicletas hizo que se estreche a\u00fan m\u00e1s, generando en el inconsciente de quienes por all\u00ed conducen que si circulan a gran velocidad pueden llegar a provocar un siniestro. Otro punto a favor es que no es recta en toda su extensi\u00f3n, como su dise\u00f1o sigue el contorno del arroyo, genera un camino que en algunos casos es m\u00e1s bien serpenteante, lo que tambi\u00e9n obliga a disminuir la velocidad. Otro punto a mencionar, la rectitud de las calles de Olavarr\u00eda, sin interrupci\u00f3n a la circulaci\u00f3n, permite que se circule a altas velocidades.<\/li>\n<\/ul>\n<p>&nbsp;<\/p>\n<ul>\n<li>Garantizar la visibilidad en los cruces m\u00e1s conflictivos, controlar la velocidad, dificultar la circulaci\u00f3n a alta velocidad de los autom\u00f3viles, estrechar carriles, generar espacios exclusivos de circulaci\u00f3n para bicicletas y peatones, descomprimir las zonas de mayor circulaci\u00f3n en los horarios pico puede ayudar a saltar este desaf\u00edo que tenemos hoy con \u00e9xito. Y claro, educar, la educaci\u00f3n vial es la base de todo.<\/li>\n<\/ul>\n<p>&nbsp;<\/p>\n<p><strong>Fuentes:<\/strong><\/p>\n<p>Informe siniestros de tr\u00e1nsito a\u00f1o 2020 (Municipalidad de Olavarr\u00eda)<\/p>\n<p><a href=\"https:\/\/www.bahia.gob.ar\/mapas\/accidentes\/\">https:\/\/www.bahia.gob.ar\/mapas\/accidentes\/<\/a><\/p>\n<p><a href=\"https:\/\/laverdadonline.com\/en-junin-durante-2020-hubo-871-siniestros-con-lesionados\/\">https:\/\/laverdadonline.com\/en-junin-durante-2020-hubo-871-siniestros-con-lesionados\/<\/a><\/p>\n<p><a href=\"https:\/\/www.lacapitalmdp.com\/de-las-28-victimas-fatales-20-eran-motociclistas-y-solo-una-iba-en-auto\/\">https:\/\/www.lacapitalmdp.com\/de-las-28-victimas-fatales-20-eran-motociclistas-y-solo-una-iba-en-auto\/<\/a><\/p>\n<p><a href=\"https:\/\/www.eleditorplatense.com.ar\/siniestros-viales-durante-el-2020-hubo-33-victimas-fatales-en-las-calles-platenses\/\">https:\/\/www.eleditorplatense.com.ar\/siniestros-viales-durante-el-2020-hubo-33-victimas-fatales-en-las-calles-platenses\/\u00a0<\/a><\/p>\n<p>&nbsp;<\/p>\n<p><em>(*) Ingeniero Civil-Tesista en Seguridad Vial- Promotor Comunitario de Seguridad Vial<\/em><\/p>\n","protected":false},"excerpt":{"rendered":"<p>Por Marcos Pascua (*)<\/p>\n","protected":false},"author":2,"featured_media":15185,"comment_status":"closed","ping_status":"closed","sticky":false,"template":"","format":"standard","meta":{"_jetpack_memberships_contains_paid_content":false,"footnotes":""},"categories":[5,1],"tags":[],"class_list":["post-15557","post","type-post","status-publish","format-standard","has-post-thumbnail","hentry","category-informacion-general","category-portada"],"jetpack_featured_media_url":"https:\/\/i0.wp.com\/cdnoticias.com\/wp-content\/uploads\/2021\/03\/Seguridad-Control-Tr%C3%A1nsito-1024x682.jpg?fit=1024%2C682&ssl=1","jetpack_sharing_enabled":true,"_links":{"self":[{"href":"https:\/\/cdnoticias.com\/index.php\/wp-json\/wp\/v2\/posts\/15557","targetHints":{"allow":["GET"]}}],"collection":[{"href":"https:\/\/cdnoticias.com\/index.php\/wp-json\/wp\/v2\/posts"}],"about":[{"href":"https:\/\/cdnoticias.com\/index.php\/wp-json\/wp\/v2\/types\/post"}],"author":[{"embeddable":true,"href":"https:\/\/cdnoticias.com\/index.php\/wp-json\/wp\/v2\/users\/2"}],"replies":[{"embeddable":true,"href":"https:\/\/cdnoticias.com\/index.php\/wp-json\/wp\/v2\/comments?post=15557"}],"version-history":[{"count":0,"href":"https:\/\/cdnoticias.com\/index.php\/wp-json\/wp\/v2\/posts\/15557\/revisions"}],"wp:featuredmedia":[{"embeddable":true,"href":"https:\/\/cdnoticias.com\/index.php\/wp-json\/wp\/v2\/media\/15185"}],"wp:attachment":[{"href":"https:\/\/cdnoticias.com\/index.php\/wp-json\/wp\/v2\/media?parent=15557"}],"wp:term":[{"taxonomy":"category","embeddable":true,"href":"https:\/\/cdnoticias.com\/index.php\/wp-json\/wp\/v2\/categories?post=15557"},{"taxonomy":"post_tag","embeddable":true,"href":"https:\/\/cdnoticias.com\/index.php\/wp-json\/wp\/v2\/tags?post=15557"}],"curies":[{"name":"wp","href":"https:\/\/api.w.org\/{rel}","templated":true}]}}