{"id":15544,"date":"2021-03-07T16:41:51","date_gmt":"2021-03-07T19:41:51","guid":{"rendered":"http:\/\/www.centraldenoticias.com.ar\/?p=15544"},"modified":"2021-03-07T18:49:44","modified_gmt":"2021-03-07T21:49:44","slug":"diversas-propuestas-municipales-por-el-dia-internacional-de-la-mujer","status":"publish","type":"post","link":"https:\/\/cdnoticias.com\/index.php\/2021\/03\/07\/diversas-propuestas-municipales-por-el-dia-internacional-de-la-mujer\/","title":{"rendered":"Diversas propuestas municipales por el D\u00eda Internacional de la Mujer"},"content":{"rendered":"<p>Habr\u00e1 una nueva capacitaci\u00f3n de la Ley Micaela, al mismo tiempo que se realizar\u00e1 un lineamiento con los medios de comunicaci\u00f3n locales. Adem\u00e1s, se anunci\u00f3 que para ingresar a trabajar al Municipio habr\u00e1 que tener \u201cformaci\u00f3n en G\u00e9nero\u201d.<!--more--><\/p>\n<hr \/>\n<p>En el marco del <strong>D\u00eda Internacional de la Mujer este lunes, la Direcci\u00f3n de Pol\u00edticas de G\u00e9nero del Municipio anunci\u00f3 una serie de propuestas<\/strong> que se desarrollar\u00e1n durante los pr\u00f3ximos d\u00edas basados, principalmente, en capacitaciones y anuncios.<\/p>\n<p>&nbsp;<\/p>\n<p>Las mismas tienen el objetivo d<strong>e visibilizar el trabajo de la Direcci\u00f3n, mediante la promoci\u00f3n de sus recursos institucionales de abordaje, promoci\u00f3n y capacitaci\u00f3n en materia de g\u00e9neros.<\/strong><\/p>\n<p>&nbsp;<\/p>\n<p>En primer lugar<strong> se estipula el lanzamiento de una nueva edici\u00f3n de la Ley Micaela, esta vez destinada al personal de las Secretar\u00edas de Gobierno y de Desarrollo Econ\u00f3mico, con un alcance estimado de 300 personas.<\/strong> Este lanzamiento contar\u00e1, adem\u00e1s, con el <strong>apoyo de N\u00e9stor \u00a8Yuyo\u00a8 Garc\u00eda, el pap\u00e1 de Micaela<\/strong>, quien dar\u00e1 una charla sobre el recorrido de la Ley Micaela y su aplicaci\u00f3n a nivel local, el mi\u00e9rcoles 10 a las 18 horas, mediante plataforma Zoom.<\/p>\n<p>&nbsp;<\/p>\n<p><strong>La Ley Micaela establece la capacitaci\u00f3n obligatoria y permanente en materia de g\u00e9nero de todo el personal estatal de la gesti\u00f3n p\u00fablica en el marco de la Ordenanza Municipal 4406\/19 que as\u00ed lo reglamenta<\/strong>. Fue sancionada a fines de 2018 y el 21 de marzo de 2019 logr\u00f3 la adhesi\u00f3n de la provincia de Buenos Aires, con el acompa\u00f1amiento de todos los bloques pol\u00edticos, lo cual posibilit\u00f3 que desde nuestro Municipio pudi\u00e9semos implementarla de manera escalonada en las respectivas \u00e1reas de gobierno.<\/p>\n<p>&nbsp;<\/p>\n<p>Por otra parte, <strong>se prev\u00e9 el lanzamiento de un video institucional realizado por el equipo<\/strong> que visibiliza recursos estatales del circuito integral del abordaje de la violencia por motivos de g\u00e9nero.<\/p>\n<p>&nbsp;<\/p>\n<p>Un dato importante es que <strong>en los pr\u00f3ximos d\u00edas se anunciar\u00e1 la propuesta de capacitaci\u00f3n para medios de comunicaci\u00f3n que planific\u00f3 la Direcci\u00f3n de Pol\u00edticas de Genero en corresponsabilidad con la Mesa Local de Violencia Familiar y de G\u00e9nero<\/strong> para, de esta forma, <em>\u201celaborar una estrategia comunicacional conjunta en vistas a un adecuado tratamiento informativo en los medios respecto de situaciones de violencia por razones de g\u00e9nero especialmente vinculadas con mujeres, y contra ni\u00f1os, ni\u00f1as y adolescentes, y\/o personas de la comunidad LGBTTTIQ+\u201d.<\/em><\/p>\n<p>&nbsp;<\/p>\n<blockquote><p>Adem\u00e1s, se est\u00e1 trabajando en un proyecto de reglamentaci\u00f3n que estipula que las personas que de ahora en m\u00e1s ingresen en la repartici\u00f3n municipal deber\u00e1n tomar la capacitaci\u00f3n de la ley Micaela como requisito obligatorio para trabajar en el Municipio.<\/p><\/blockquote>\n<p>&nbsp;<\/p>\n<p>Esto representa un gran <strong>avance para fortalecer y desarrollar la perspectiva de g\u00e9nero a nivel local<\/strong>, y definir desde el Ejecutivo el perfil del cuerpo de agentes que ingresar\u00e1 a desarrollar tareas en las respectivas \u00e1reas de gobierno.<\/p>\n<p>&nbsp;<\/p>\n<p>Finalmente, <strong>el pr\u00f3ximo mi\u00e9rcoles 17 de marzo a las 19 horas se realizar\u00e1, de manera presencial, el Conversatorio Presencial de Masculinidades \u201cV\u00ednculos y Responsabilidad Afectiva\u201d en la sede del \u00c1rea de Masculinidades sita en calle Alsina 4180 (casi Rufino Fal).<\/strong><\/p>\n<p>&nbsp;<\/p>\n<p>La actividad es gratuita y se invita a los varones a <em>\u201creflexionar y sensibilizar respecto a los modos de relacionarse que han aprendido en el proceso de socializaci\u00f3n y que reproduce un modo de masculinidad hegem\u00f3nica que impone una forma de relaci\u00f3n sexo afectiva que vulnera sus propios derechos y el de las dem\u00e1s personas\u201d.<\/em><\/p>\n<p>&nbsp;<\/p>\n<p>Por consultas e inscripciones pueden comunicarse al tel\u00e9fono 415141 y al mail institucional generomasculinidades@olavarria.gov.ar.<\/p>\n","protected":false},"excerpt":{"rendered":"<p>Habr\u00e1 una nueva capacitaci\u00f3n de la Ley Micaela, al mismo tiempo que se realizar\u00e1 un lineamiento con los medios de<\/p>\n","protected":false},"author":2,"featured_media":15545,"comment_status":"closed","ping_status":"closed","sticky":false,"template":"","format":"standard","meta":{"_jetpack_memberships_contains_paid_content":false,"footnotes":""},"categories":[3,1],"tags":[],"class_list":["post-15544","post","type-post","status-publish","format-standard","has-post-thumbnail","hentry","category-genero","category-portada"],"jetpack_featured_media_url":"https:\/\/i0.wp.com\/cdnoticias.com\/wp-content\/uploads\/2021\/03\/Reuni%C3%B3n-pol%C3%ADticas-de-G%C3%A9nero-3-1024x683.jpg?fit=1024%2C683&ssl=1","jetpack_sharing_enabled":true,"_links":{"self":[{"href":"https:\/\/cdnoticias.com\/index.php\/wp-json\/wp\/v2\/posts\/15544","targetHints":{"allow":["GET"]}}],"collection":[{"href":"https:\/\/cdnoticias.com\/index.php\/wp-json\/wp\/v2\/posts"}],"about":[{"href":"https:\/\/cdnoticias.com\/index.php\/wp-json\/wp\/v2\/types\/post"}],"author":[{"embeddable":true,"href":"https:\/\/cdnoticias.com\/index.php\/wp-json\/wp\/v2\/users\/2"}],"replies":[{"embeddable":true,"href":"https:\/\/cdnoticias.com\/index.php\/wp-json\/wp\/v2\/comments?post=15544"}],"version-history":[{"count":0,"href":"https:\/\/cdnoticias.com\/index.php\/wp-json\/wp\/v2\/posts\/15544\/revisions"}],"wp:featuredmedia":[{"embeddable":true,"href":"https:\/\/cdnoticias.com\/index.php\/wp-json\/wp\/v2\/media\/15545"}],"wp:attachment":[{"href":"https:\/\/cdnoticias.com\/index.php\/wp-json\/wp\/v2\/media?parent=15544"}],"wp:term":[{"taxonomy":"category","embeddable":true,"href":"https:\/\/cdnoticias.com\/index.php\/wp-json\/wp\/v2\/categories?post=15544"},{"taxonomy":"post_tag","embeddable":true,"href":"https:\/\/cdnoticias.com\/index.php\/wp-json\/wp\/v2\/tags?post=15544"}],"curies":[{"name":"wp","href":"https:\/\/api.w.org\/{rel}","templated":true}]}}