{"id":15518,"date":"2021-03-07T09:37:58","date_gmt":"2021-03-07T12:37:58","guid":{"rendered":"http:\/\/www.centraldenoticias.com.ar\/?p=15518"},"modified":"2021-03-07T11:27:18","modified_gmt":"2021-03-07T14:27:18","slug":"no-se-trata-igual-a-candidatas-que-candidatos-la-politica-en-clave-feminista","status":"publish","type":"post","link":"https:\/\/cdnoticias.com\/index.php\/2021\/03\/07\/no-se-trata-igual-a-candidatas-que-candidatos-la-politica-en-clave-feminista\/","title":{"rendered":"No se trata igual a candidatas que candidatos: la pol\u00edtica en clave feminista"},"content":{"rendered":"<p>En v\u00edsperas del 8 de marzo proponemos analizar los roles asignados a las mujeres pol\u00edticas en los medios y el trato desigual con sus pares masculinos. La serie Borgen presenta cuestiones claves para la agenda del feminismo. De Brigitte Nyborg al diputado Ameri.\u00a0<!--more--><\/p>\n<hr \/>\n<p><em><span style=\"font-weight: 400;\">Dra. M\u00f3nica Cohendoz (*)<\/span><\/em><\/p>\n<p>&nbsp;<\/p>\n<p><span style=\"font-weight: 400;\">Borgen (2010) es una serie\u00a0 sobre<strong> las mujeres y la pol\u00edtica<\/strong> que despert\u00f3 un gran inter\u00e9s cuando Netflix la estren\u00f3 en septiembre de 2020 en nuestro pa\u00eds. Su protagonista Brigitte Nyborg es la Primera Ministra dinamarquesa, enfrenta esta tarea con <strong>heroica integridad<\/strong> a trav\u00e9s de diferentes pruebas (armar un gabinete de coalici\u00f3n, atravesar una enfermedad, enfrentar la prensa amarilla, sostener una familia con ni\u00f1os peque\u00f1os, vencer la resistencia de sus pares masculinos, crisis de pareja).<\/span><\/p>\n<p>&nbsp;<\/p>\n<p><span style=\"font-weight: 400;\">Ella se transforma en una representante de la <strong>pol\u00edtica en clave femenina en el siglo XXI<\/strong> en el que la <strong>construcci\u00f3n de una ciudadan\u00eda de g\u00e9nero<\/strong> parece haber logrado un tratamiento medi\u00e1tico para dar visibilidad a los derechos logrados en el siglo anterior.<\/span><\/p>\n<p>&nbsp;<\/p>\n<blockquote><p><span style=\"font-weight: 400;\">La serie presenta cuestiones claves para la agenda del feminismo: la posibilidad de vincular la vida p\u00fablica con la privada, la posibilidad de que la raz\u00f3n y las emociones no se disocien, la coherencia entre las ideas pol\u00edticas y las pr\u00e1cticas. Estas son las batallas m\u00e1s decisivas en la ficci\u00f3n para la candidata porque, a\u00fan en un pa\u00eds europeo, hacer pol\u00edtica para una mujer implica poner en crisis un sistema de poder.<\/span><\/p><\/blockquote>\n<p>&nbsp;<\/p>\n<p><span style=\"font-weight: 400;\">Cuando esta serie se estren\u00f3 en septiembre del 2020 <strong>en Argentina asist\u00edamos a un espect\u00e1culo pol\u00edtico<\/strong>: un legislador besando los pechos de una mujer en el zoom durante la sesi\u00f3n virtual de Diputados en pleno debate.\u00a0<\/span><\/p>\n<p>&nbsp;<\/p>\n<p><span style=\"font-weight: 400;\">Este caso argentino no es una ficci\u00f3n, sin embargo <strong>desencaden\u00f3 en la opini\u00f3n p\u00fablica un debate donde se abordaron los mismos t\u00f3picos que en la serie dinamarquesa<\/strong>. El tratamiento fue en clave moral y no pol\u00edtica: Ameri, el diputado, declarado \u201cculpable\u201d por su acci\u00f3n indecorosa. <\/span><\/p>\n<p>&nbsp;<\/p>\n<p><span style=\"font-weight: 400;\">Asistimos, seg\u00fan los medios, a <strong>un acto er\u00f3tico y no pol\u00edtico<\/strong>. Se lo present\u00f3 como un \u201cesc\u00e1ndalo\u201d, los titulares refirieron al mismo:\u00a0 \u201cLa reacci\u00f3n del oficialismo por el esc\u00e1ndalo de Ameri: respaldo a la sanci\u00f3n y `verg\u00fcenza\u00b4 por el episodio\u201d (La Naci\u00f3n, 25\/9) ; &#8220;El exdiputado echado por un esc\u00e1ndalo sexual habl\u00f3 tras\u00a0 su renuncia&#8221; (Clar\u00edn, 25\/9); \u201cRenunci\u00f3 Juan Ameri, el protagonista del escandalete sexual en Diputados\u201d (P\u00e1gina 12, 25\/9).\u00a0<\/span><\/p>\n<p>&nbsp;<\/p>\n<p><span style=\"font-weight: 400;\">La conducta masculina de exhibir su <strong>deseo<\/strong> sexual sin pudor, sin tener que resignarse responde a <strong>normas de una sociedad patriarcal<\/strong>. En la serie, Brigitte no puede dejarse llevar por su deseo porque sabe que hace pol\u00edtica con su deseo; por ejemplo cuando se pone en juego la salud de su hija (como madre no puede claudicar y como pol\u00edtica debe ser coherente con sus propuestas).<\/span><\/p>\n<p><span style=\"font-weight: 400;\">\u00a0<\/span><\/p>\n<p><span style=\"font-weight: 400;\">Comparo ambas situaciones, la ficcional de la heroica Brigitte y la real del denostado Ameri. Sin embargo <strong>las batallas de ambos por legitimar su posici\u00f3n no son ni simb\u00f3licamente ni pol\u00edticamente iguales<\/strong>: ella debe sortear el mundo del poder (con bastante \u00e9xito, seg\u00fan la serie) y \u00e9l debe batallar con sus deseos\u00a0 (sin \u00e9xito aparente). No obstante ambos est\u00e1n ante conflictos donde lo personal es pol\u00edtico en tanto involucran las subjetividades en la escena social cuya visibilidad es heteronormativa.<\/span><\/p>\n<p>&nbsp;<\/p>\n<blockquote><p><span style=\"font-weight: 400;\">Las mujeres pol\u00edticas no reciben el mismo tratamiento que sus pares masculinos en los medios, este dato surge de los estudios de framing: primero destacan el hecho de ser \u201cmujer\u201d y luego candidata.<\/span><\/p><\/blockquote>\n<p>&nbsp;<\/p>\n<p><span style=\"font-weight: 400;\">La teor\u00eda del framing nos ofrece un m\u00e9todo para identificar\u00a0 el encuadre de una noticia que provee de las pautas de interpretaci\u00f3n (Entman, 1993; Goffman, 1974). En el caso de los l\u00edderes y candidatos pol\u00edticos, los encuadres estructuran la forma en que las y los periodistas cubren a hombres y mujeres en la vida p\u00fablica, funcionando como etiquetas alrededor de las noticias, por lo que <strong>los recursos adoptados por los medios pueden expresar \u201clas expectativas sobre el rol de las mujeres en la vida p\u00fablica\u201d<\/strong>.\u00a0<\/span><\/p>\n<p>&nbsp;<\/p>\n<p><span style=\"font-weight: 400;\">Diversos estudios muestran que <strong>el g\u00e9nero se ha convertido en una etiqueta relevante<\/strong> cuando se representa a las diferentes candidatas y l\u00edderes pol\u00edticas. Uno de los encuadres utilizado de forma general es el\u00a0 de \u2018descubrimiento de liderazgo\u2019 (el caso de Cristina Kichner o Mar\u00eda Eugenia Vidal en Argentina o Hilary Clinton en EEUU ) o m\u00e1s conocido como el <strong>frame de \u2018novedad\u2019 o el de \u2018primera mujer\u2019<\/strong>. La mujer es vista como una novedad que, en muchos casos, ser\u00e1 considerada como representante simb\u00f3lica de las mujeres. <\/span><\/p>\n<p>&nbsp;<\/p>\n<p><span style=\"font-weight: 400;\">En 1977 la investigadora Rosabeth Moss Kanter de la Universidad de Harvard identific\u00f3 <strong>cuatro \u201croles trampa\u201d para las candidatas<\/strong>:<\/span><\/p>\n<p>&nbsp;<\/p>\n<p><span style=\"font-weight: 400;\">\u00a0&#8211;<strong>La seductora<\/strong>: una mujer a la que importan sobremanera sus atributos f\u00edsicos, su belleza y su indumentaria.<\/span><\/p>\n<p>&nbsp;<\/p>\n<p><span style=\"font-weight: 400;\">\u00a0&#8211;<strong>La madre<\/strong>: mujer en la que se prioriza el segundo nivel de la \u00e9tica del cuidado, su apego al hogar y la conciliaci\u00f3n de la vida laboral y familiar.<\/span><\/p>\n<p>&nbsp;<\/p>\n<p><span style=\"font-weight: 400;\">\u00a0&#8211;<strong>La mascota<\/strong>: mujer como ser agradable y complaciente que se comporta como animadora de su pareja, de su jefe y de otros sujetos o grupos masculinos.<\/span><\/p>\n<p>&nbsp;<\/p>\n<p><span style=\"font-weight: 400;\">&#8211;<strong>La doncella de hierro<\/strong>: mujer que encarna atributos contrarios a la interpretaci\u00f3n cl\u00e1sica de feminidad, gobernando con mano firme y modos asertivos, evitando exteriorizar sus emociones.<\/span><\/p>\n<p>&nbsp;<\/p>\n<p><span style=\"font-weight: 400;\">Existen otras clasificaciones como la de Luciana Panke (2015) quien en su libro sobre candidatas en Latinoam\u00e9rica analiza 8 horas de spots de 21 campa\u00f1as electorales presidenciales de 10 pa\u00edses latinoamericanos, adem\u00e1s en horas de entrevistas con mujeres pol\u00edticas de 13 pa\u00edses y consultores de 12 nacionalidades que contribuyeron para los resultados presentados. Encontr\u00f3 <strong>tres tipolog\u00edas de im\u00e1genes predominantes de mujeres candidatas en Latinoam\u00e9rica<\/strong>:<\/span><\/p>\n<p>&nbsp;<\/p>\n<p><span style=\"font-weight: 400;\">&#8211;<strong>La guerrera<\/strong>: inflexible, l\u00edder.<\/span><\/p>\n<p>&nbsp;<\/p>\n<p><span style=\"font-weight: 400;\">&#8211;<strong>La madre<\/strong>: sensible, atenta.\u00a0<\/span><\/p>\n<p>&nbsp;<\/p>\n<p><span style=\"font-weight: 400;\">&#8211;<strong>La profesional<\/strong>: trabajadora, subordinada.<\/span><\/p>\n<p>&nbsp;<\/p>\n<blockquote><p><span style=\"font-weight: 400;\">Los estereotipos femeninos funcionan de modo reduccionista para hacer previsible el comportamiento social y dejan afuera a quienes no los respetan.<\/span><\/p><\/blockquote>\n<p>&nbsp;<\/p>\n<p><span style=\"font-weight: 400;\">Estos encuadres dan a las mujeres <strong>una gran visibilidad en los medios, pero las deslegitiman en el \u00e1mbito pol\u00edtico<\/strong> ya que cuando los y las periodistas utilizan estos encuadre, se aproximan a la noticia con la principal idea de que la candidata es una mujer, lo que provoca que existan m\u00e1s posibilidades de que \u00e9stos escriban sobre ideas que asocian con las mujeres (familia y maternidad suelen ser los t\u00f3picos m\u00e1s frecuentes).<\/span><\/p>\n<p>&nbsp;<\/p>\n<p><span style=\"font-weight: 400;\"> Las <strong>consecuencias de este tipo de encuadre de g\u00e9nero<\/strong> para representar a las mujeres pol\u00edticas pueden ser diversas. Por ejemplo, encuadrar a las mujeres como excepci\u00f3n a la norma pol\u00edtica puede animar al p\u00fablico a verlas como contendientes inusuales y, por lo tanto, menos viables, disminuir las oportunidades de que la ciudadan\u00eda las acepte como potenciales representantes pol\u00edticas, e incluso no votarlas.<\/span><\/p>\n<p>&nbsp;<\/p>\n<p><span style=\"font-weight: 400;\">En nuestro pa\u00eds en el 2017 se aprob\u00f3 una <strong>Ley de cupo femenino<\/strong> lo cual implic\u00f3 que de los cargos electorales disponibles accedan las mujeres en 50 %. <\/span><\/p>\n<p>&nbsp;<\/p>\n<blockquote><p><span style=\"font-weight: 400;\">El feminismo no es\u00a0 moda, sino un debate pol\u00edtico y nuestras representantes merecen un tratamiento como quienes son: candidatas que han librado una historia de batallas de invisibilidad y negaci\u00f3n de derechos para llegar a donde est\u00e1n. \u00a0<\/span><\/p><\/blockquote>\n<p>&nbsp;<\/p>\n<p><em>(*)\u00a0<span style=\"font-weight: 400;\">Directora del Observatorio de Medios, ciudadan\u00eda y democracia &#8211;\u00a0<\/span><span style=\"font-weight: 400;\">NACT ECCO- UNICEN\u00a0<\/span><\/em><\/p>\n<p>&nbsp;<\/p>\n","protected":false},"excerpt":{"rendered":"<p>En v\u00edsperas del 8 de marzo proponemos analizar los roles asignados a las mujeres pol\u00edticas en los medios y el<\/p>\n","protected":false},"author":4,"featured_media":15528,"comment_status":"closed","ping_status":"closed","sticky":false,"template":"","format":"standard","meta":{"_jetpack_memberships_contains_paid_content":false,"footnotes":""},"categories":[11,1],"tags":[],"class_list":["post-15518","post","type-post","status-publish","format-standard","has-post-thumbnail","hentry","category-mipalabra","category-portada"],"jetpack_featured_media_url":"https:\/\/i0.wp.com\/cdnoticias.com\/wp-content\/uploads\/2021\/03\/XOODVMKUPVEYDE2BQCUCA54INY.jpg?fit=768%2C512&ssl=1","jetpack_sharing_enabled":true,"_links":{"self":[{"href":"https:\/\/cdnoticias.com\/index.php\/wp-json\/wp\/v2\/posts\/15518","targetHints":{"allow":["GET"]}}],"collection":[{"href":"https:\/\/cdnoticias.com\/index.php\/wp-json\/wp\/v2\/posts"}],"about":[{"href":"https:\/\/cdnoticias.com\/index.php\/wp-json\/wp\/v2\/types\/post"}],"author":[{"embeddable":true,"href":"https:\/\/cdnoticias.com\/index.php\/wp-json\/wp\/v2\/users\/4"}],"replies":[{"embeddable":true,"href":"https:\/\/cdnoticias.com\/index.php\/wp-json\/wp\/v2\/comments?post=15518"}],"version-history":[{"count":0,"href":"https:\/\/cdnoticias.com\/index.php\/wp-json\/wp\/v2\/posts\/15518\/revisions"}],"wp:featuredmedia":[{"embeddable":true,"href":"https:\/\/cdnoticias.com\/index.php\/wp-json\/wp\/v2\/media\/15528"}],"wp:attachment":[{"href":"https:\/\/cdnoticias.com\/index.php\/wp-json\/wp\/v2\/media?parent=15518"}],"wp:term":[{"taxonomy":"category","embeddable":true,"href":"https:\/\/cdnoticias.com\/index.php\/wp-json\/wp\/v2\/categories?post=15518"},{"taxonomy":"post_tag","embeddable":true,"href":"https:\/\/cdnoticias.com\/index.php\/wp-json\/wp\/v2\/tags?post=15518"}],"curies":[{"name":"wp","href":"https:\/\/api.w.org\/{rel}","templated":true}]}}