{"id":15512,"date":"2021-03-06T18:56:36","date_gmt":"2021-03-06T21:56:36","guid":{"rendered":"http:\/\/www.centraldenoticias.com.ar\/?p=15512"},"modified":"2021-03-07T08:40:32","modified_gmt":"2021-03-07T11:40:32","slug":"dictaron-la-prision-preventiva-para-un-joven-que-se-tiroteo-en-violentos-incidentes","status":"publish","type":"post","link":"https:\/\/cdnoticias.com\/index.php\/2021\/03\/06\/dictaron-la-prision-preventiva-para-un-joven-que-se-tiroteo-en-violentos-incidentes\/","title":{"rendered":"Dictaron la prisi\u00f3n preventiva para un joven que se tirote\u00f3 en violentos incidentes"},"content":{"rendered":"<p>Los hechos sucedieron en el mes de enero, en el barrio Nicol\u00e1s Avellaneda. Tras la orden de la Jueza de Garant\u00edas, esperar\u00e1 el juicio en prisi\u00f3n.<!--more--><\/p>\n<hr \/>\n<p>Dictaminado por el Juzgado de Garant\u00edas N\u00b0 1 a petici\u00f3n del fiscal de la causa, el doctor Cristian Url\u00e9zaga, <strong>un joven de 20 a\u00f1os seguir\u00e1 en prisi\u00f3n preventiva tras <a href=\"https:\/\/cdnoticias.com\/index.php\/2021\/01\/30\/una-mujer-resulto-herida-de-un-escopetazo-un-joven-fue-aprehendido\/\" target=\"_blank\" rel=\"noopener\">violentos hechos registrados en el barrio Nicol\u00e1s Avellaneda durante el mes de enero, que culminaron con una mujer herida.<\/a><\/strong><\/p>\n<p>&nbsp;<\/p>\n<p>En este sentido, se indic\u00f3 desde fuentes judiciales que tras una investigaci\u00f3n que<a href=\"https:\/\/cdnoticias.com\/index.php\/2021\/01\/31\/barrio-avellaneda-secuestro-de-un-arma-y-cartuchos-tras-los-episodios-violentos\/\" target=\"_blank\" rel=\"noopener\"> incluyeron allanamientos<\/a><strong><em> \u201cse pudo determinar que el arma de fuego, una carabina que fue secuestrada, fue la utilizada en el hecho\u201d.<\/em><\/strong><\/p>\n<p>&nbsp;<\/p>\n<blockquote><p>Justamente, los restos de proyectiles hallados en la casa de una de las v\u00edctimas <em>\u201cse corresponden con los disparados efectuados con dicha carabina\u201d.<\/em><\/p><\/blockquote>\n<p>&nbsp;<\/p>\n<p>De esta forma, el joven, de apellido Salina, continuar\u00e1 en prisi\u00f3n hasta tanto la causa sea elevada a juicio. Cabe recordar que fue caratulada como <strong><em>\u201cPortaci\u00f3n ilegal de arma de fuego \u2013dos hechos- y abuso de arma, todo en concurso real\u201d.<\/em><\/strong><\/p>\n<p>&nbsp;<\/p>\n","protected":false},"excerpt":{"rendered":"<p>Los hechos sucedieron en el mes de enero, en el barrio Nicol\u00e1s Avellaneda. Tras la orden de la Jueza de<\/p>\n","protected":false},"author":2,"featured_media":12581,"comment_status":"closed","ping_status":"closed","sticky":false,"template":"","format":"standard","meta":{"_jetpack_memberships_contains_paid_content":false,"footnotes":""},"categories":[14,1],"tags":[],"class_list":["post-15512","post","type-post","status-publish","format-standard","has-post-thumbnail","hentry","category-policiales","category-portada"],"jetpack_featured_media_url":"https:\/\/i0.wp.com\/cdnoticias.com\/wp-content\/uploads\/2021\/01\/aprehendido-barrio-nicolas-avellanada.jpg?fit=800%2C445&ssl=1","jetpack_sharing_enabled":true,"_links":{"self":[{"href":"https:\/\/cdnoticias.com\/index.php\/wp-json\/wp\/v2\/posts\/15512","targetHints":{"allow":["GET"]}}],"collection":[{"href":"https:\/\/cdnoticias.com\/index.php\/wp-json\/wp\/v2\/posts"}],"about":[{"href":"https:\/\/cdnoticias.com\/index.php\/wp-json\/wp\/v2\/types\/post"}],"author":[{"embeddable":true,"href":"https:\/\/cdnoticias.com\/index.php\/wp-json\/wp\/v2\/users\/2"}],"replies":[{"embeddable":true,"href":"https:\/\/cdnoticias.com\/index.php\/wp-json\/wp\/v2\/comments?post=15512"}],"version-history":[{"count":0,"href":"https:\/\/cdnoticias.com\/index.php\/wp-json\/wp\/v2\/posts\/15512\/revisions"}],"wp:featuredmedia":[{"embeddable":true,"href":"https:\/\/cdnoticias.com\/index.php\/wp-json\/wp\/v2\/media\/12581"}],"wp:attachment":[{"href":"https:\/\/cdnoticias.com\/index.php\/wp-json\/wp\/v2\/media?parent=15512"}],"wp:term":[{"taxonomy":"category","embeddable":true,"href":"https:\/\/cdnoticias.com\/index.php\/wp-json\/wp\/v2\/categories?post=15512"},{"taxonomy":"post_tag","embeddable":true,"href":"https:\/\/cdnoticias.com\/index.php\/wp-json\/wp\/v2\/tags?post=15512"}],"curies":[{"name":"wp","href":"https:\/\/api.w.org\/{rel}","templated":true}]}}